{"id":134,"date":"2021-03-03T16:00:58","date_gmt":"2021-03-03T15:00:58","guid":{"rendered":"http:\/\/siewspina.pl\/?p=134"},"modified":"2022-02-04T17:52:16","modified_gmt":"2022-02-04T16:52:16","slug":"aconcagua-10-lat-temu","status":"publish","type":"post","link":"https:\/\/siewspina.pl\/?p=134","title":{"rendered":"Andy 2011. Aconcagua"},"content":{"rendered":"\n<p>W zesz\u0142ym miesi\u0105cu min\u0119\u0142a 10 rocznica mojego wyjazdu w Andy. Niezapomniane wra\u017cenia do dzi\u015b pozostaj\u0105 jak \u017cywe. By\u0142a to jedna z ciekawszych i inspiruj\u0105cych wypraw. Przed wyjazdem nikogo z ekipy nie zna\u0142am a okaza\u0142o si\u0119, \u017ce by\u0142a to wyprawa, na kt\u00f3rej pozna\u0142am mn\u00f3stwo wspania\u0142ych ludzi. D\u0142ugie wyczekiwanie okna pogodowego w bazie, kilka wyj\u015b\u0107 aklimatyzacyjnych, szczyt i pobyt na prawie 7000m, z\u0142o\u017cy\u0142o si\u0119 na dwa tygodnie pobytu w g\u00f3rach. Do przyg\u00f3d mo\u017cna dorzuci\u0107 rozpadni\u0119te buty, kt\u00f3re pr\u00f3bowa\u0142am ratowa\u0107 ta\u015bm\u0105 i klejem. Luty w Polsce w 2010r  by\u0142 mro\u017any a ja wr\u00f3ci\u0142am w sanda\u0142ach, bo by\u0142y to jedyne buty (opr\u00f3cz ci\u0119\u017ckich, g\u00f3rskich but\u00f3w) kt\u00f3re mia\u0142am ze sob\u0105. D\u0142ugo po powrocie nie mog\u0142am si\u0119 otrz\u0105sn\u0105\u0107 z g\u00f3r i przyzwyczai\u0107 do rzeczywisto\u015bci tutaj. Pi\u0142am wino, pisa\u0142am. Pisa\u0142am i pi\u0142am wino i tak, w ci\u0105gu kilku dni, powsta\u0142a ta relacja.<\/p>\n\n\n\n<p><strong>Aconcagua Dream czyli to co by\u0107 mo\u017ce chcieliby\u015bcie wiedzie\u0107 o Du\u017cym Pag\u00f3rze<\/strong><\/p>\n\n\n\n<figure class=\"wp-block-image size-large\"><img loading=\"lazy\" decoding=\"async\" width=\"1024\" height=\"768\" src=\"http:\/\/siewspina.pl\/wp-content\/uploads\/2021\/03\/DSCN0600-1024x768.jpg\" alt=\"\" class=\"wp-image-152\" srcset=\"https:\/\/siewspina.pl\/wp-content\/uploads\/2021\/03\/DSCN0600-1024x768.jpg 1024w, https:\/\/siewspina.pl\/wp-content\/uploads\/2021\/03\/DSCN0600-300x225.jpg 300w, https:\/\/siewspina.pl\/wp-content\/uploads\/2021\/03\/DSCN0600-768x576.jpg 768w, https:\/\/siewspina.pl\/wp-content\/uploads\/2021\/03\/DSCN0600-1536x1152.jpg 1536w, https:\/\/siewspina.pl\/wp-content\/uploads\/2021\/03\/DSCN0600-2048x1536.jpg 2048w, https:\/\/siewspina.pl\/wp-content\/uploads\/2021\/03\/DSCN0600-120x90.jpg 120w\" sizes=\"auto, (max-width: 1024px) 100vw, 1024px\" \/><figcaption><em>widok z bazy Plaza de Mulas w kierunku szczytu Kamiennego Stra\u017cnika w szacie zimowej, fot. Ania<\/em><\/figcaption><\/figure>\n\n\n\n<p>czas: luty 2011<\/p>\n\n\n\n<p>miejsce: Argentyna, Andy, Aconcagua<\/p>\n\n\n\n<p>osoby: 3 baby (Aga, Agnieszka, Ania), 12 facet\u00f3w (Mariusz, Tomek, Andrzej, Max, Staszek, Romek, Micha\u0142, Piotr, Piotr Kanadyjczyk, Janusz, Mirek, Marek) oraz R. (Rysiek Paw\u0142owski)<\/p>\n\n\n\n<p>cel: 6962 m<\/p>\n\n\n\n<p>koszt: 14 000z\u0142 (bez sprz\u0119tu i ciuch\u00f3w, ale z Wielkim \u017barciem nad oceanem \ud83d\ude42<\/p>\n\n\n\n<p>po\u0142o\u017cenie:<\/p>\n\n\n\n<p>Puente del Inca 2800m<\/p>\n\n\n\n<p>Confluencia 3390m<\/p>\n\n\n\n<p>Plaza Francia 4300m<\/p>\n\n\n\n<p>Plaza de Mulas (baza) 4350m<\/p>\n\n\n\n<p>Nido de Condores 5560m<\/p>\n\n\n\n<p>Plaza Colera 5970m<\/p>\n\n\n\n<p>szczyt 6962m<\/p>\n\n\n\n<p>odcinki (moje) :<\/p>\n\n\n\n<p>Puente del Inca &#8211; Confluencia<\/p>\n\n\n\n<p>Confluencia \u2013 Plaza Francia \u2013 Confluencia<\/p>\n\n\n\n<p>Confluencia \u2013 Plaza de Mulas<\/p>\n\n\n\n<p>Plaza de Mulas \u2013 Nido de Condores \u2013 Plaza de Mulas<\/p>\n\n\n\n<p>Plaza de Mulas \u2013 Nido de Condores<\/p>\n\n\n\n<p>Nido de Condores \u2013 Plaza Colera &#8211; Nido de Condores<\/p>\n\n\n\n<p>Nido de Condores \u2013 Plaza Colera &#8211; Nido de Condores<\/p>\n\n\n\n<p>Nido de Condores \u2013 Plaza Colera<\/p>\n\n\n\n<p>Plaza Colera \u2013 szczyt &#8211; Nido de Condores<\/p>\n\n\n\n<p>Nido de Condores \u2013 Plaza de Mulas<\/p>\n\n\n\n<p>Plaza de Mulas &#8211; Puente del Inca<\/p>\n\n\n\n<figure class=\"wp-block-image size-large is-resized\"><img loading=\"lazy\" decoding=\"async\" src=\"http:\/\/siewspina.pl\/wp-content\/uploads\/2021\/03\/5a-1024x685.jpg\" alt=\"\" class=\"wp-image-165\" width=\"840\" height=\"560\"\/><figcaption><em>widok z bazy Plaza de Mulas w kierunku szczytu Kamiennego Stra\u017cnika w szacie s\u0142onecznej, fot. Ania<\/em><\/figcaption><\/figure>\n\n\n\n<p>Du\u017cy Pag\u00f3r potrafi by\u0107 Wrednym Pag\u00f3rem, ale to troch\u0119 jak z porodem \u2013 boli a potem si\u0119 zapomina&#8230;.a\u017c do nast\u0119pnego razu.<\/p>\n\n\n\n<figure class=\"wp-block-image size-large\"><img loading=\"lazy\" decoding=\"async\" width=\"1024\" height=\"768\" src=\"http:\/\/siewspina.pl\/wp-content\/uploads\/2021\/03\/IMG_0864.jpg\" alt=\"\" class=\"wp-image-150\" srcset=\"https:\/\/siewspina.pl\/wp-content\/uploads\/2021\/03\/IMG_0864.jpg 1024w, https:\/\/siewspina.pl\/wp-content\/uploads\/2021\/03\/IMG_0864-300x225.jpg 300w, https:\/\/siewspina.pl\/wp-content\/uploads\/2021\/03\/IMG_0864-768x576.jpg 768w, https:\/\/siewspina.pl\/wp-content\/uploads\/2021\/03\/IMG_0864-120x90.jpg 120w\" sizes=\"auto, (max-width: 1024px) 100vw, 1024px\" \/><figcaption><em>Puente del Inca, fot. Aga J.<\/em><\/figcaption><\/figure>\n\n\n\n<figure class=\"wp-block-image size-large\"><img loading=\"lazy\" decoding=\"async\" width=\"1024\" height=\"768\" src=\"http:\/\/siewspina.pl\/wp-content\/uploads\/2021\/03\/9-1-1024x768.jpg\" alt=\"\" class=\"wp-image-168\" srcset=\"https:\/\/siewspina.pl\/wp-content\/uploads\/2021\/03\/9-1-1024x768.jpg 1024w, https:\/\/siewspina.pl\/wp-content\/uploads\/2021\/03\/9-1-300x225.jpg 300w, https:\/\/siewspina.pl\/wp-content\/uploads\/2021\/03\/9-1-768x576.jpg 768w, https:\/\/siewspina.pl\/wp-content\/uploads\/2021\/03\/9-1-1536x1152.jpg 1536w, https:\/\/siewspina.pl\/wp-content\/uploads\/2021\/03\/9-1-2048x1536.jpg 2048w, https:\/\/siewspina.pl\/wp-content\/uploads\/2021\/03\/9-1-120x90.jpg 120w\" sizes=\"auto, (max-width: 1024px) 100vw, 1024px\" \/><figcaption><em>5.02.2011<\/em> <em>Puente del Inca, fot. Ania<\/em><\/figcaption><\/figure>\n\n\n\n<p><\/p>\n\n\n\n<figure class=\"wp-block-image size-large\"><img loading=\"lazy\" decoding=\"async\" width=\"1024\" height=\"768\" src=\"http:\/\/siewspina.pl\/wp-content\/uploads\/2021\/03\/DSCN0448-1024x768.jpg\" alt=\"\" class=\"wp-image-155\" srcset=\"https:\/\/siewspina.pl\/wp-content\/uploads\/2021\/03\/DSCN0448-1024x768.jpg 1024w, https:\/\/siewspina.pl\/wp-content\/uploads\/2021\/03\/DSCN0448-300x225.jpg 300w, https:\/\/siewspina.pl\/wp-content\/uploads\/2021\/03\/DSCN0448-768x576.jpg 768w, https:\/\/siewspina.pl\/wp-content\/uploads\/2021\/03\/DSCN0448-1536x1152.jpg 1536w, https:\/\/siewspina.pl\/wp-content\/uploads\/2021\/03\/DSCN0448-2048x1536.jpg 2048w, https:\/\/siewspina.pl\/wp-content\/uploads\/2021\/03\/DSCN0448-120x90.jpg 120w\" sizes=\"auto, (max-width: 1024px) 100vw, 1024px\" \/><figcaption><em>dzie\u0144 aklimatyzacyjny, jeszcze przed wyj\u015bciem do bazy, wycieczka z Conflencia do Plaza Francia, fot. Ania <\/em><\/figcaption><\/figure>\n\n\n\n<figure class=\"wp-block-image size-large\"><img loading=\"lazy\" decoding=\"async\" width=\"1024\" height=\"768\" src=\"http:\/\/siewspina.pl\/wp-content\/uploads\/2021\/03\/DSCN0466-1024x768.jpg\" alt=\"\" class=\"wp-image-169\" srcset=\"https:\/\/siewspina.pl\/wp-content\/uploads\/2021\/03\/DSCN0466-1024x768.jpg 1024w, https:\/\/siewspina.pl\/wp-content\/uploads\/2021\/03\/DSCN0466-300x225.jpg 300w, https:\/\/siewspina.pl\/wp-content\/uploads\/2021\/03\/DSCN0466-768x576.jpg 768w, https:\/\/siewspina.pl\/wp-content\/uploads\/2021\/03\/DSCN0466-1536x1152.jpg 1536w, https:\/\/siewspina.pl\/wp-content\/uploads\/2021\/03\/DSCN0466-2048x1536.jpg 2048w, https:\/\/siewspina.pl\/wp-content\/uploads\/2021\/03\/DSCN0466-120x90.jpg 120w\" sizes=\"auto, (max-width: 1024px) 100vw, 1024px\" \/><figcaption><em> widok na pot\u0119\u017cn\u0105 po\u0142udniowa \u015bcian\u0119 Aconcaguy, wycieczka z Conflencia do Plaza Francia, fot. Ania<\/em><\/figcaption><\/figure>\n\n\n\n<figure class=\"wp-block-image size-large\"><img loading=\"lazy\" decoding=\"async\" width=\"1024\" height=\"685\" src=\"http:\/\/siewspina.pl\/wp-content\/uploads\/2021\/03\/3a-1024x685.jpg\" alt=\"\" class=\"wp-image-171\" srcset=\"https:\/\/siewspina.pl\/wp-content\/uploads\/2021\/03\/3a-1024x685.jpg 1024w, https:\/\/siewspina.pl\/wp-content\/uploads\/2021\/03\/3a-300x201.jpg 300w, https:\/\/siewspina.pl\/wp-content\/uploads\/2021\/03\/3a-768x514.jpg 768w, https:\/\/siewspina.pl\/wp-content\/uploads\/2021\/03\/3a-1536x1028.jpg 1536w, https:\/\/siewspina.pl\/wp-content\/uploads\/2021\/03\/3a-2048x1371.jpg 2048w\" sizes=\"auto, (max-width: 1024px) 100vw, 1024px\" \/><figcaption><em>nasze wierne towarzystwo w drodze przez Dolin\u0119 H<\/em>orcon<em>es, fot. Aga B.<\/em><\/figcaption><\/figure>\n\n\n\n<figure class=\"wp-block-image size-large\"><img loading=\"lazy\" decoding=\"async\" width=\"1024\" height=\"768\" src=\"http:\/\/siewspina.pl\/wp-content\/uploads\/2021\/03\/DSCN0527-1024x768.jpg\" alt=\"\" class=\"wp-image-172\" srcset=\"https:\/\/siewspina.pl\/wp-content\/uploads\/2021\/03\/DSCN0527-1024x768.jpg 1024w, https:\/\/siewspina.pl\/wp-content\/uploads\/2021\/03\/DSCN0527-300x225.jpg 300w, https:\/\/siewspina.pl\/wp-content\/uploads\/2021\/03\/DSCN0527-768x576.jpg 768w, https:\/\/siewspina.pl\/wp-content\/uploads\/2021\/03\/DSCN0527-1536x1152.jpg 1536w, https:\/\/siewspina.pl\/wp-content\/uploads\/2021\/03\/DSCN0527-2048x1536.jpg 2048w, https:\/\/siewspina.pl\/wp-content\/uploads\/2021\/03\/DSCN0527-120x90.jpg 120w\" sizes=\"auto, (max-width: 1024px) 100vw, 1024px\" \/><\/figure>\n\n\n\n<figure class=\"wp-block-image size-large\"><img loading=\"lazy\" decoding=\"async\" width=\"1024\" height=\"768\" src=\"http:\/\/siewspina.pl\/wp-content\/uploads\/2021\/03\/DSCN0503-1024x768.jpg\" alt=\"\" class=\"wp-image-173\" srcset=\"https:\/\/siewspina.pl\/wp-content\/uploads\/2021\/03\/DSCN0503-1024x768.jpg 1024w, https:\/\/siewspina.pl\/wp-content\/uploads\/2021\/03\/DSCN0503-300x225.jpg 300w, https:\/\/siewspina.pl\/wp-content\/uploads\/2021\/03\/DSCN0503-768x576.jpg 768w, https:\/\/siewspina.pl\/wp-content\/uploads\/2021\/03\/DSCN0503-1536x1152.jpg 1536w, https:\/\/siewspina.pl\/wp-content\/uploads\/2021\/03\/DSCN0503-2048x1536.jpg 2048w, https:\/\/siewspina.pl\/wp-content\/uploads\/2021\/03\/DSCN0503-120x90.jpg 120w\" sizes=\"auto, (max-width: 1024px) 100vw, 1024px\" \/><figcaption><em>Dolina Horcones,  przestrzenna i <em>w 2011r<\/em><\/em> <em>bezludna<\/em>,<em> fot. Ania <\/em><\/figcaption><\/figure>\n\n\n\n<figure class=\"wp-block-image size-large\"><img loading=\"lazy\" decoding=\"async\" width=\"1024\" height=\"768\" src=\"http:\/\/siewspina.pl\/wp-content\/uploads\/2021\/03\/DSCN0534-1024x768.jpg\" alt=\"\" class=\"wp-image-162\" srcset=\"https:\/\/siewspina.pl\/wp-content\/uploads\/2021\/03\/DSCN0534-1024x768.jpg 1024w, https:\/\/siewspina.pl\/wp-content\/uploads\/2021\/03\/DSCN0534-300x225.jpg 300w, https:\/\/siewspina.pl\/wp-content\/uploads\/2021\/03\/DSCN0534-768x576.jpg 768w, https:\/\/siewspina.pl\/wp-content\/uploads\/2021\/03\/DSCN0534-1536x1152.jpg 1536w, https:\/\/siewspina.pl\/wp-content\/uploads\/2021\/03\/DSCN0534-2048x1536.jpg 2048w, https:\/\/siewspina.pl\/wp-content\/uploads\/2021\/03\/DSCN0534-120x90.jpg 120w\" sizes=\"auto, (max-width: 1024px) 100vw, 1024px\" \/><figcaption><em>7.02.2011 dotarli\u015bmy do bazy Plaza de Mulas, fot. Aga<\/em> J.<\/figcaption><\/figure>\n\n\n\n<p><strong>Plaza de Mulas , 4 dzie\u0144 w bazie (planowo restowy)<\/strong><\/p>\n\n\n\n<p>Ogarniamy namiot (nasz absolutnie babski) trzyosobowy (2 Agi i ja) i pr\u00f3bujemy si\u0119 jako\u015b zapudrowa\u0107 \u017ceby wyj\u015b\u0107 \u201ena ludzi\u201d. Sprawdzam co si\u0119 dzieje poza legowiskiem. Ch\u0142opaki pracuj\u0105. Wystarczy lekko wystawi\u0107 g\u0142ow\u0119 i podziwia\u0107 \u2013 wi\u0119c po lewej stronie widz\u0119 jak stoj\u0105 pod \u201emess\u0105\u201d i szoruj\u0105 gary oraz nosz\u0105 w mena\u017ckach \u015bnieg do topienia (punktuj\u0105 u R., w przeciwie\u0144stwie do nas chodz\u0105 szybko i nie \u015bpi\u0105 d\u0142ugo), patrz\u0119 na wprost i widz\u0119 drog\u0119 do Nido (te paskudne nieko\u0144cz\u0105ce si\u0119 trawersy), bardziej po prawej szczyt Du\u017cego Pag\u00f3ra (jego sta\u0142e ulubione zaj\u0119cie to bycie w chmurach co oznacza najcz\u0119\u015bciej z\u0142e warunki na g\u00f3rze). Na razie udajemy, \u017ce nas nie ma i lenimy si\u0119 : Agi czytaj\u0105 a ja nic nie robi\u0119 tzn my\u015bl\u0119 o tym co ja tu robi\u0119. Mo\u017cna by by\u0142o na Kalymnos ze trzy razy i jeszcze do Hiszpanii, ale s\u0142ucham Agi, a ona m\u0105drze m\u00f3wi, \u017ce g\u00f3ry wysokie ucz\u0105 cierpliwo\u015bci. Jest \u015broda, dzie\u0144 restowy. W poniedzia\u0142ek by\u0142 te\u017c dzie\u0144 restowy (po przej\u015bciu Doliny Horcones) i dzie\u0144 kiedy moje buty Chiruca postanowi\u0142y si\u0119 zbuntowa\u0107. By\u0142y wys\u0142u\u017cone i nie powinnam narzeka\u0107, tylko dlaczego akurat musia\u0142y mi w Andach taki numer wykr\u0119ci\u0107. Podeszwy zacz\u0119\u0142y si\u0119 roz\u0142azi\u0107 ju\u017c w okolicy Plaza Francia. Najpierw p\u0119k\u0142y w poprzek, potem wzd\u0142u\u017c, na ko\u0144cu zacz\u0119\u0142y odpada\u0107 kawa\u0142ki na bokach. Micha\u0142 powiedzia\u0142, \u017ce mi je sklei, ale jak zobaczy\u0142 co trzeba skleja\u0107, machn\u0105\u0142 r\u0119k\u0105 (razem z R.) i doda\u0142  &#8220;zabijesz si\u0119 na pierwszych 100 metrach id\u0105c do Nido&#8221; wi\u0119c w\u015bciek\u0142a zabra\u0142am sponiewierane moje obuwie trekkingowe z \u201emessy\u201d i posz\u0142am poskar\u017cy\u0107 si\u0119 Adze. Wyklinaj\u0105c na facet\u00f3w (przy okazji wszystkim si\u0119 oberwa\u0142o) poskleja\u0142y\u015bmy je w najwa\u017cniejszych miejscach, modl\u0105c si\u0119 \u017ceby wytrzyma\u0142y chocia\u017c jutrzejsz\u0105 wycieczk\u0119 do Nido. Wytrzyma\u0142y. Wesz\u0142am w nich na 5560 i zesz\u0142am do Mulas. A potem jeszcze 36 km w d\u00f3\u0142 Doliny Horcones. Rangersi na dole zapytali \u201ewhat had happened with your shoes ?\u201d, bo po drodze poodpada\u0142a prawie ca\u0142a reszta. Ostatecznie wyrzuci\u0142am je (pi\u0119knie zapakowane w pude\u0142ku po Agnieszkowych szpilkach) w hotelu w Vina del Mar w Chile. <\/p>\n\n\n\n<figure class=\"wp-block-image size-large is-resized\"><img loading=\"lazy\" decoding=\"async\" src=\"http:\/\/siewspina.pl\/wp-content\/uploads\/2021\/03\/12-1024x768.jpg\" alt=\"\" class=\"wp-image-179\" width=\"837\" height=\"628\" srcset=\"https:\/\/siewspina.pl\/wp-content\/uploads\/2021\/03\/12-1024x768.jpg 1024w, https:\/\/siewspina.pl\/wp-content\/uploads\/2021\/03\/12-300x225.jpg 300w, https:\/\/siewspina.pl\/wp-content\/uploads\/2021\/03\/12-768x576.jpg 768w, https:\/\/siewspina.pl\/wp-content\/uploads\/2021\/03\/12-1536x1152.jpg 1536w, https:\/\/siewspina.pl\/wp-content\/uploads\/2021\/03\/12-2048x1536.jpg 2048w, https:\/\/siewspina.pl\/wp-content\/uploads\/2021\/03\/12-120x90.jpg 120w\" sizes=\"auto, (max-width: 837px) 100vw, 837px\" \/><figcaption><em>Plaza de Mulas w zimowej szacie, fot. A<\/em>nia<\/figcaption><\/figure>\n\n\n\n<figure class=\"wp-block-image size-large\"><img loading=\"lazy\" decoding=\"async\" width=\"1024\" height=\"768\" src=\"http:\/\/siewspina.pl\/wp-content\/uploads\/2021\/03\/13A-1024x768.jpg\" alt=\"\" class=\"wp-image-180\" srcset=\"https:\/\/siewspina.pl\/wp-content\/uploads\/2021\/03\/13A-1024x768.jpg 1024w, https:\/\/siewspina.pl\/wp-content\/uploads\/2021\/03\/13A-300x225.jpg 300w, https:\/\/siewspina.pl\/wp-content\/uploads\/2021\/03\/13A-768x576.jpg 768w, https:\/\/siewspina.pl\/wp-content\/uploads\/2021\/03\/13A-1536x1152.jpg 1536w, https:\/\/siewspina.pl\/wp-content\/uploads\/2021\/03\/13A-2048x1536.jpg 2048w, https:\/\/siewspina.pl\/wp-content\/uploads\/2021\/03\/13A-120x90.jpg 120w\" sizes=\"auto, (max-width: 1024px) 100vw, 1024px\" \/><figcaption><em>nasz babski namiot w oczekiwaniu na okno pogodowe, fot. Ania<\/em><\/figcaption><\/figure>\n\n\n\n<figure class=\"wp-block-image size-large is-resized\"><img loading=\"lazy\" decoding=\"async\" src=\"http:\/\/siewspina.pl\/wp-content\/uploads\/2021\/03\/11-1024x768.jpg\" alt=\"\" class=\"wp-image-181\" width=\"839\" height=\"630\" srcset=\"https:\/\/siewspina.pl\/wp-content\/uploads\/2021\/03\/11-1024x768.jpg 1024w, https:\/\/siewspina.pl\/wp-content\/uploads\/2021\/03\/11-300x225.jpg 300w, https:\/\/siewspina.pl\/wp-content\/uploads\/2021\/03\/11-768x576.jpg 768w, https:\/\/siewspina.pl\/wp-content\/uploads\/2021\/03\/11-1536x1152.jpg 1536w, https:\/\/siewspina.pl\/wp-content\/uploads\/2021\/03\/11-2048x1536.jpg 2048w, https:\/\/siewspina.pl\/wp-content\/uploads\/2021\/03\/11-120x90.jpg 120w\" sizes=\"auto, (max-width: 839px) 100vw, 839px\" \/><figcaption><em>Aga B. wykonuje czynno\u015bci \u017cycia obozowego, fot. Ania<\/em><\/figcaption><\/figure>\n\n\n\n<p><strong>Pierwsze<\/strong> <strong>wyj\u015bcie do Nido de Condores, 3 dzie\u0144 w bazie<\/strong><\/p>\n\n\n\n<p>Wycieczka z depozytem \u2013 trzeba wnie\u015b\u0107 wy\u017cej szturmowe ubrania, jedzenie i namioty. Maj\u0105 p\u00f3j\u015b\u0107 wszyscy, opr\u00f3cz Piotra., spekulanta gie\u0142dowego, z Kanady (Piotr \u017ale si\u0119 czul). Dzie\u0144 wcze\u015bniej R. zarz\u0105dzi\u0142, ze baby maj\u0105 wyj\u015b\u0107 dwie godziny przed facetami (wiadomo \u2013 baby chodz\u0105 gorzej) i rano s\u0142yszymy ryk z \u201emessy\u201d: <\/p>\n\n\n\n<p>&#8220;Agnieszka mia\u0142a by\u0107 o 8:00 na \u015bniadaniu&#8221; (jest 7:55)<\/p>\n\n\n\n<p>Z\u0142e wype\u0142zamy z namiotu i wleczemy si\u0119 do \u201emessy\u201d, szybkie \u015bniadanie, plecaki na plecy i idziemy. Razem z nami Romek i Staszek (zdecydowali si\u0119 na szybsze wyj\u015bcie). Pogoda cudna. Droga na pocz\u0105tku prowadzi zakosami &#8211; ostro w g\u00f3r\u0119, potem zakosami &#8211; bardziej po p\u0142askim, wszystko po piargach, s\u0105 miejsca gdzie trzeba uwa\u017ca\u0107, \u017ceby si\u0119 nie \u015blizn\u0105\u0107 w d\u00f3\u0142. Po dw\u00f3ch godzinach razem z Ag\u0105 dochodzimy do Camp Canada na 5050. Tu mijaj\u0105 nas Mirek i Piotr, a potem wi\u0119kszo\u015b\u0107 ch\u0142opak\u00f3w i R. Ch\u0142opaki dalej punktuj\u0105. W poniedzia\u0142ek ustanowili rekord w przej\u015bciu doliny Horcones \u2013 5 godzin, podczas gdy czas przej\u015bcia jest obliczony na 8, i wida\u0107, \u017ce wy\u017cej te\u017c sobie nie odpuszcz\u0105 z tym wy\u015bcigiem.<\/p>\n\n\n\n<figure class=\"wp-block-image size-large\"><img loading=\"lazy\" decoding=\"async\" width=\"1024\" height=\"768\" src=\"http:\/\/siewspina.pl\/wp-content\/uploads\/2021\/03\/DSCN0568-1024x768.jpg\" alt=\"\" class=\"wp-image-184\" srcset=\"https:\/\/siewspina.pl\/wp-content\/uploads\/2021\/03\/DSCN0568-1024x768.jpg 1024w, https:\/\/siewspina.pl\/wp-content\/uploads\/2021\/03\/DSCN0568-300x225.jpg 300w, https:\/\/siewspina.pl\/wp-content\/uploads\/2021\/03\/DSCN0568-768x576.jpg 768w, https:\/\/siewspina.pl\/wp-content\/uploads\/2021\/03\/DSCN0568-1536x1152.jpg 1536w, https:\/\/siewspina.pl\/wp-content\/uploads\/2021\/03\/DSCN0568-2048x1536.jpg 2048w, https:\/\/siewspina.pl\/wp-content\/uploads\/2021\/03\/DSCN0568-120x90.jpg 120w\" sizes=\"auto, (max-width: 1024px) 100vw, 1024px\" \/><figcaption><em>9.02.2011 Aga J. na nieko\u0144cz\u0105cych si\u0119 trawersach podczas pierwszego wyj\u015bcia do Nido de Condores, fot. Ania<\/em><\/figcaption><\/figure>\n\n\n\n<figure class=\"wp-block-image size-large\"><img loading=\"lazy\" decoding=\"async\" width=\"1024\" height=\"768\" src=\"http:\/\/siewspina.pl\/wp-content\/uploads\/2021\/03\/20110209341-1024x768.jpg\" alt=\"\" class=\"wp-image-198\" srcset=\"https:\/\/siewspina.pl\/wp-content\/uploads\/2021\/03\/20110209341-1024x768.jpg 1024w, https:\/\/siewspina.pl\/wp-content\/uploads\/2021\/03\/20110209341-300x225.jpg 300w, https:\/\/siewspina.pl\/wp-content\/uploads\/2021\/03\/20110209341-768x576.jpg 768w, https:\/\/siewspina.pl\/wp-content\/uploads\/2021\/03\/20110209341-1536x1152.jpg 1536w, https:\/\/siewspina.pl\/wp-content\/uploads\/2021\/03\/20110209341-2048x1536.jpg 2048w, https:\/\/siewspina.pl\/wp-content\/uploads\/2021\/03\/20110209341-120x90.jpg 120w\" sizes=\"auto, (max-width: 1024px) 100vw, 1024px\" \/><\/figure>\n\n\n\n<figure class=\"wp-block-image size-large\"><img loading=\"lazy\" decoding=\"async\" width=\"1024\" height=\"768\" src=\"http:\/\/siewspina.pl\/wp-content\/uploads\/2021\/03\/DSCN0616-1024x768.jpg\" alt=\"\" class=\"wp-image-191\" srcset=\"https:\/\/siewspina.pl\/wp-content\/uploads\/2021\/03\/DSCN0616-1024x768.jpg 1024w, https:\/\/siewspina.pl\/wp-content\/uploads\/2021\/03\/DSCN0616-300x225.jpg 300w, https:\/\/siewspina.pl\/wp-content\/uploads\/2021\/03\/DSCN0616-768x576.jpg 768w, https:\/\/siewspina.pl\/wp-content\/uploads\/2021\/03\/DSCN0616-1536x1152.jpg 1536w, https:\/\/siewspina.pl\/wp-content\/uploads\/2021\/03\/DSCN0616-2048x1536.jpg 2048w, https:\/\/siewspina.pl\/wp-content\/uploads\/2021\/03\/DSCN0616-120x90.jpg 120w\" sizes=\"auto, (max-width: 1024px) 100vw, 1024px\" \/><figcaption><em>widok na Plaza de Mulas podczas podej\u015bcia w kierunki Nido de Condores, fot. Ania<\/em><\/figcaption><\/figure>\n\n\n\n<figure class=\"wp-block-image size-large\"><img loading=\"lazy\" decoding=\"async\" width=\"1024\" height=\"768\" src=\"http:\/\/siewspina.pl\/wp-content\/uploads\/2021\/03\/DSCN0560-1024x768.jpg\" alt=\"\" class=\"wp-image-200\" srcset=\"https:\/\/siewspina.pl\/wp-content\/uploads\/2021\/03\/DSCN0560-1024x768.jpg 1024w, https:\/\/siewspina.pl\/wp-content\/uploads\/2021\/03\/DSCN0560-300x225.jpg 300w, https:\/\/siewspina.pl\/wp-content\/uploads\/2021\/03\/DSCN0560-768x576.jpg 768w, https:\/\/siewspina.pl\/wp-content\/uploads\/2021\/03\/DSCN0560-1536x1152.jpg 1536w, https:\/\/siewspina.pl\/wp-content\/uploads\/2021\/03\/DSCN0560-2048x1536.jpg 2048w, https:\/\/siewspina.pl\/wp-content\/uploads\/2021\/03\/DSCN0560-120x90.jpg 120w\" sizes=\"auto, (max-width: 1024px) 100vw, 1024px\" \/><figcaption><em>Camp Canada, ob\u00f3z pomi\u0119dzy Plaza de Mulas a Nido de Condores, z kt\u00f3rego nie korzystali\u015bmy<\/em>, <em>fot. Ania<\/em><\/figcaption><\/figure>\n\n\n\n<figure class=\"wp-block-image size-large\"><img loading=\"lazy\" decoding=\"async\" width=\"1024\" height=\"768\" src=\"http:\/\/siewspina.pl\/wp-content\/uploads\/2021\/03\/DSCN0571a-1024x768.jpg\" alt=\"\" class=\"wp-image-203\" srcset=\"https:\/\/siewspina.pl\/wp-content\/uploads\/2021\/03\/DSCN0571a-1024x768.jpg 1024w, https:\/\/siewspina.pl\/wp-content\/uploads\/2021\/03\/DSCN0571a-300x225.jpg 300w, https:\/\/siewspina.pl\/wp-content\/uploads\/2021\/03\/DSCN0571a-768x576.jpg 768w, https:\/\/siewspina.pl\/wp-content\/uploads\/2021\/03\/DSCN0571a-1536x1152.jpg 1536w, https:\/\/siewspina.pl\/wp-content\/uploads\/2021\/03\/DSCN0571a-2048x1536.jpg 2048w, https:\/\/siewspina.pl\/wp-content\/uploads\/2021\/03\/DSCN0571a-120x90.jpg 120w\" sizes=\"auto, (max-width: 1024px) 100vw, 1024px\" \/><\/figure>\n\n\n\n<p> Droga jest monotonna i d\u0142u\u017cy si\u0119 w niesko\u0144czono\u015b\u0107. Im wy\u017cej tym gorzej: 40 krok\u00f3w, 10 wdech\u00f3w. Potem nudzi mi si\u0119 to liczenie, wi\u0119c szukam wi\u0119kszych kamieni i id\u0119 z przystankami na wdechy od jednego do drugiego.Dochodz\u0119 do siod\u0142a, wydaje si\u0119, \u017ce dalej powinno by\u0107 lekko w d\u00f3\u0142 albo p\u0142asko, ale nic z tego, dalej zakosy, a potem trawers, te\u017c w g\u00f3r\u0119. Aga posz\u0142a szybciej, ja zosta\u0142am w tyle. Aga ma super kondycj\u0119 (w sierpniu by\u0142a na Piku Lenina, dosz\u0142a do ostatniego obozu, potem by\u0142o za\u0142amanie pogody i musia\u0142a zej\u015b\u0107, by\u0142a te\u017c m.in. na Matterhornie, Grossglocknerze, Island Peak) i wysoko\u015b\u0107 w jej przypadku nie ma znaczenia. Idzie r\u00f3wno, rzadko si\u0119 zatrzymuj\u0105c. W Nido jest 20 minut przede mn\u0105 i gdy ja w ko\u0144cu tam docieram (jednak w przepisowym czasie 6 godzin) ona ju\u017c siedzi w namiocie, kt\u00f3ry zd\u0105\u017cy\u0142 w mi\u0119dzyczasie rozbi\u0107 dla nas R. (namiot w dalszym ci\u0105gu trzyosobowy, identyczny jak nasz bazowy). R. jest przybity, kto\u015b poci\u0105\u0142 namioty, kt\u00f3re zosta\u0142y po ostatniej wyprawie, ukrad\u0142 buty wyprawowe, jedzenie i czekan. Zostawiamy depozyt i poimy herbat\u0105 Piotra (jednak wy\u015bcig nie do ko\u0144ca wyszed\u0142 mu na dobre). Schodzimy. W mi\u0119dzyczasie zepsu\u0142a si\u0119 pogoda \u2013 trawersy znikn\u0119\u0142y we mgle i \u015bniegu. Zsuwamy si\u0119 z Ag\u0105 wprost w d\u00f3\u0142 po za\u015bnie\u017conych piargach. Aga narzuca ostre tempo, wi\u0119c w pewnym momencie robi mi si\u0119 s\u0142abo (powt\u00f3rka z rozrywki z Blanca). Zwalniam i jest ok. Pod koniec ju\u017c niewiele wida\u0107, w g\u0119stej mgle docieramy do Mulas.<\/p>\n\n\n\n<p> Siedzimy w \u201emessie\u201d, gdy wraca Rysiek z Agnieszk\u0105. Agnieszka ma niewyra\u017ana min\u0119, ledwo trzyma si\u0119 na nogach ze zm\u0119czenia i co\u015b tam m\u00f3wi, \u017ce nam potem powie o co chodzi. W ko\u0144cu m\u00f3wi, \u017ce Marek zas\u0142ab\u0142 na g\u00f3rze i razem z R. i Staszkiem sprowadzili go w ekspresowym tempie na d\u00f3\u0142. Obrz\u0119k p\u0142uc. Na szcz\u0119\u015bcie na dole poczu\u0142 si\u0119 znacznie lepiej, ale dla niego oznacza to koniec wyprawy. Lekarz bazowy zarz\u0105dzi\u0142 odwr\u00f3t helikopterem, a na noc po\u0142o\u017cy\u0142 w punkcie medycznym i pod\u0142\u0105czy\u0142 do tlenu. Szkoda ch\u0142opaka, przyszed\u0142 si\u0119 po\u017cegna\u0107, a wcze\u015bniej poprosi\u0142 Mirka \u017ceby zaj\u0105\u0142 si\u0119 jego baga\u017cem. <\/p>\n\n\n\n<p><strong>Plaza<\/strong> <strong>de Mulas, 5 dzie\u0144 w bazie (przymusowo restowy), chyba pi\u0105tek<\/strong><\/p>\n\n\n\n<p>Najgorsze s\u0105 noce. Wiatr szarpie namiotem. Wieczorem jest zimno, potem w \u015bpiworze robi si\u0119 gor\u0105co, nie wiadomo czy wychodzi\u0107 z niego czy wprost przeciwnie. Ka\u017cdej nocy budz\u0119 si\u0119 po dw\u00f3ch godzinach snu \u2013 b\u00f3l g\u0142owy i \u201ezimna\u201d kalkulacja \u2013 wychodzi\u0107 z namiotu na sikanie czy udawa\u0107, \u017ce sika\u0107 si\u0119 nie chce. S\u0142ysz\u0119 g\u0142os Agnieszki: \u201eAnia, idziesz sika\u0107 ?\u201d. No to idziemy. Mozolny proces ubierania : czapka, czo\u0142\u00f3wka, polar i sanda\u0142ki i byle dalej od \u015bniegono\u015bnych teren\u00f3w (jedyne zr\u00f3d\u0142o wody, bo ta w rurach z lodowca zamarza). I do rana ju\u017c nie \u015bpi\u0119. Ws\u0142uchuj\u0119 si\u0119 z zazdro\u015bci\u0105 w spokojne oddechy Ag, \u015bpi\u0105 po 10 godzin ka\u017cdej nocy, a ja le\u017c\u0105c w \u015brodku przewracam si\u0119 z jednego boku na drugi. Rano woda leje si\u0119 po \u015bcianach namiotu, \u015bpiwory z zewn\u0105trz s\u0105 zupe\u0142nie wilgotne. B\u00f3l g\u0142owy rozsadza czach\u0119, \u0142ykam aspiryn\u0119 albo ketonal. Patrz\u0119 w zaparowane lusterko, dobrze, \u017ce tak niewiele wida\u0107 \u2013 oczy zapuchni\u0119te, g\u00f3rne powieki w\u0142a\u017c\u0105 na dolne, oczy zaklejone rop\u0105 przemywam chusteczkami i wciskam na nie soczewki. Dalej sypie i wieje, zapowiada si\u0119 kolejny dzie\u0144 w bazie. Z \u201emessy\u201d dobiega g\u0142os R., a nam potrzeba godziny jeszcze \u017ceby si\u0119 ogarn\u0105\u0107 i wyj\u015b\u0107 z namiotu. Kilka dni temu napisa\u0142am, \u017ce jestem szcz\u0119\u015bliwa, \u017ce tu jestem. Dzi\u015b wydaje mi si\u0119, \u017ce to by\u0142o wieki temu. <\/p>\n\n\n\n<p> Jedzenie, wbrew czarom R. i Maxa (Max wyzbiera\u0142 ca\u0142e drewno w okolicy i jest pewny, \u017ce nie zostanie spalony), powoli si\u0119 ko\u0144czy (zapasy zosta\u0142y zjedzone przez poprzedni\u0105 wypraw\u0119, dobrze, \u017ce wrzuci\u0142y\u015bmy w supermarkecie w Mendozie do kosza tyle ile mog\u0142y\u015bmy), 11 g\u0142odnych facet\u00f3w, kt\u00f3rzy si\u0119 nudz\u0105, siedz\u0105 w messie i jedz\u0105 przez ca\u0142y dzie\u0144. Zreszt\u0105 na apetyt ja te\u017c nie narzekam, w tym przypadku choroba wysoko\u015bciowa mnie nie dotyczy : poch\u0142aniam wszystko, na ka\u017cdej wysoko\u015bci, w ka\u017cdej ilo\u015bci i o ka\u017cdej porze. R. zam\u00f3wi\u0142 mu\u0142y \u2013 jutro maj\u0105 przywie\u017a\u0107 jedzenie.<\/p>\n\n\n\n<figure class=\"wp-block-image size-large is-resized\"><img loading=\"lazy\" decoding=\"async\" src=\"https:\/\/siewspina.pl\/wp-content\/uploads\/2022\/01\/DSCN0595-1024x768.jpg\" alt=\"\" class=\"wp-image-437\" width=\"840\" height=\"630\" srcset=\"https:\/\/siewspina.pl\/wp-content\/uploads\/2022\/01\/DSCN0595-1024x768.jpg 1024w, https:\/\/siewspina.pl\/wp-content\/uploads\/2022\/01\/DSCN0595-300x225.jpg 300w, https:\/\/siewspina.pl\/wp-content\/uploads\/2022\/01\/DSCN0595-768x576.jpg 768w, https:\/\/siewspina.pl\/wp-content\/uploads\/2022\/01\/DSCN0595-1536x1152.jpg 1536w, https:\/\/siewspina.pl\/wp-content\/uploads\/2022\/01\/DSCN0595-2048x1536.jpg 2048w, https:\/\/siewspina.pl\/wp-content\/uploads\/2022\/01\/DSCN0595-120x90.jpg 120w\" sizes=\"auto, (max-width: 840px) 100vw, 840px\" \/><figcaption><em>\u017cycie w babskim namiocie, fot. Ania<\/em><\/figcaption><\/figure>\n\n\n\n<figure class=\"wp-block-image size-large\"><img loading=\"lazy\" decoding=\"async\" width=\"1024\" height=\"768\" src=\"https:\/\/siewspina.pl\/wp-content\/uploads\/2022\/01\/DSCN0598-1024x768.jpg\" alt=\"\" class=\"wp-image-438\" srcset=\"https:\/\/siewspina.pl\/wp-content\/uploads\/2022\/01\/DSCN0598-1024x768.jpg 1024w, https:\/\/siewspina.pl\/wp-content\/uploads\/2022\/01\/DSCN0598-300x225.jpg 300w, https:\/\/siewspina.pl\/wp-content\/uploads\/2022\/01\/DSCN0598-768x576.jpg 768w, https:\/\/siewspina.pl\/wp-content\/uploads\/2022\/01\/DSCN0598-1536x1152.jpg 1536w, https:\/\/siewspina.pl\/wp-content\/uploads\/2022\/01\/DSCN0598-2048x1536.jpg 2048w, https:\/\/siewspina.pl\/wp-content\/uploads\/2022\/01\/DSCN0598-120x90.jpg 120w\" sizes=\"auto, (max-width: 1024px) 100vw, 1024px\" \/><\/figure>\n\n\n\n<p>Dzi\u015b ch\u0142opaki nie wytrzyma\u0142y i posz\u0142y razem z R. na obiad do Ksi\u0119\u017cniczki Weroniki (dziewczyna z agencji Aconcagua Trek, nazwana przez Micha\u0142a ksi\u0119\u017cniczka bo ma na sta\u0142e przyczepion\u0105 obra\u017con\u0105 min\u0119). Lomo (czyli stek), co\u015b tam jeszcze &#8211; ca\u0142a przyjemno\u015b\u0107 kosztuje 35 dolar\u00f3w. Jeden jedynie zjadliwy obiad ugotowa\u0142 tu Micha\u0142 w pierwszy dzie\u0144 \u2013 makaron z sosem spaghettipodobnym, my pr\u00f3bowa\u0142y\u015bmy drugiego dnia upichci\u0107 co\u015b z ry\u017cu i wszystkim co nam wpad\u0142o pod r\u0119k\u0119, ry\u017c by\u0142 twardy (po godzinie gotowania), z reszty wysz\u0142a superniezjadliwa berbelucha, ale ch\u0142opaki z g\u0142odu prze\u0142kn\u0119\u0142y. Mirek jako jedyny poprosi\u0142 o dok\u0142adk\u0119, ale Mirek jest profesorem od fizyki i podejrzewam, \u017ce dopatrzy\u0142 si\u0119 jakiej\u015b szczeg\u00f3lnej reakcji zachodz\u0105cej pomi\u0119dzy groszkiem, ry\u017cem a stopion\u0105 wod\u0105 ze \u015bniegu.<\/p>\n\n\n\n<figure class=\"wp-block-image size-large\"><img loading=\"lazy\" decoding=\"async\" width=\"1024\" height=\"768\" src=\"http:\/\/siewspina.pl\/wp-content\/uploads\/2021\/03\/DSCN2439-1024x768.jpg\" alt=\"\" class=\"wp-image-205\" srcset=\"https:\/\/siewspina.pl\/wp-content\/uploads\/2021\/03\/DSCN2439-1024x768.jpg 1024w, https:\/\/siewspina.pl\/wp-content\/uploads\/2021\/03\/DSCN2439-300x225.jpg 300w, https:\/\/siewspina.pl\/wp-content\/uploads\/2021\/03\/DSCN2439-768x576.jpg 768w, https:\/\/siewspina.pl\/wp-content\/uploads\/2021\/03\/DSCN2439-1536x1152.jpg 1536w, https:\/\/siewspina.pl\/wp-content\/uploads\/2021\/03\/DSCN2439-2048x1536.jpg 2048w, https:\/\/siewspina.pl\/wp-content\/uploads\/2021\/03\/DSCN2439-120x90.jpg 120w\" sizes=\"auto, (max-width: 1024px) 100vw, 1024px\" \/><figcaption><em>\u017cycie w messie, gotujemy super niezjadliw\u0105 berbeluch\u0119 fot. Andrzej<\/em><\/figcaption><\/figure>\n\n\n\n<p> Dzi\u015b ci\u015bnienie spad\u0142o jeszcze bardziej. Czuj\u0119 si\u0119  kiepsko, byle podej\u015bcie oznacza zadyszk\u0119. Od dnia za\u0142amania pogody, czyli od wtorku, na g\u00f3rze zmar\u0142o kilka os\u00f3b (obrz\u0119k p\u0142uc, obrz\u0119k m\u00f3zgu), by\u0142 te\u017c jaki\u015b obryw i kilka os\u00f3b zosta\u0142o rannych, rano s\u0142ycha\u0107 by\u0142o warkot helikopter\u00f3w. To wszystko powoduje przygn\u0119bienie i brak motywacji do dzia\u0142ania. Wczoraj uda\u0142o mi si\u0119 porozmawia\u0107 przez telefon z Ad\u0105 . Przy okazji pozna\u0142y\u015bmy Miguela. Miguel jest plastykiem i ma w Mulas galeri\u0119 (przed galeri\u0105 stoi zielona \u201epalma\u201d, ro\u015bnie \u201etrawnik\u201d i stoj\u0105 le\u017caki), ale podejrzewam, \u017ce g\u0142\u00f3wnym jego \u017ar\u00f3d\u0142em dochodu jest internet (10 dolar\u00f3w za 15minut) i telefon (3 dolary za minut\u0119). Miguel maluje Aconcagu\u0119 w stylu vangoghowskim, a nas cz\u0119stuj\u0119 yerb\u0105 i jak\u0105\u015b tutejsz\u0105 mocn\u0105 w\u00f3dk\u0105. Mnie pr\u00f3buje nauczy\u0107 krok\u00f3w tanga, ale po minucie rezygnuje \u2013 prawie go zadepta\u0142am.<\/p>\n\n\n\n<figure class=\"wp-block-image size-large\"><img loading=\"lazy\" decoding=\"async\" width=\"1024\" height=\"683\" src=\"http:\/\/siewspina.pl\/wp-content\/uploads\/2021\/03\/31-1024x683.jpg\" alt=\"\" class=\"wp-image-193\" srcset=\"https:\/\/siewspina.pl\/wp-content\/uploads\/2021\/03\/31-1024x683.jpg 1024w, https:\/\/siewspina.pl\/wp-content\/uploads\/2021\/03\/31-300x200.jpg 300w, https:\/\/siewspina.pl\/wp-content\/uploads\/2021\/03\/31-768x512.jpg 768w, https:\/\/siewspina.pl\/wp-content\/uploads\/2021\/03\/31-1536x1024.jpg 1536w, https:\/\/siewspina.pl\/wp-content\/uploads\/2021\/03\/31-2048x1365.jpg 2048w\" sizes=\"auto, (max-width: 1024px) 100vw, 1024px\" \/><figcaption><em>Miquel i jego tw\u00f3rczo\u015b\u0107 w Plaza de Mulas, fot. Janusz<\/em><\/figcaption><\/figure>\n\n\n\n<figure class=\"wp-block-image size-large\"><img loading=\"lazy\" decoding=\"async\" width=\"1024\" height=\"768\" src=\"http:\/\/siewspina.pl\/wp-content\/uploads\/2021\/03\/37-1024x768.jpg\" alt=\"\" class=\"wp-image-195\" srcset=\"https:\/\/siewspina.pl\/wp-content\/uploads\/2021\/03\/37-1024x768.jpg 1024w, https:\/\/siewspina.pl\/wp-content\/uploads\/2021\/03\/37-300x225.jpg 300w, https:\/\/siewspina.pl\/wp-content\/uploads\/2021\/03\/37-768x576.jpg 768w, https:\/\/siewspina.pl\/wp-content\/uploads\/2021\/03\/37-1536x1152.jpg 1536w, https:\/\/siewspina.pl\/wp-content\/uploads\/2021\/03\/37-2048x1536.jpg 2048w, https:\/\/siewspina.pl\/wp-content\/uploads\/2021\/03\/37-120x90.jpg 120w\" sizes=\"auto, (max-width: 1024px) 100vw, 1024px\" \/><figcaption><em>Refugio Plaza de Mulas, fot. Ania<\/em><\/figcaption><\/figure>\n\n\n\n<p>\u017beby ca\u0142kiem nie zwariowa\u0107 podejmujemy decyzj\u0119 o wyprawie pod prysznic do Refugio Plaza de Mulas, oddalonego od bazy o kilometr. Kolejne szale\u0144stwo za 10 dolc\u00f3w czyli 10 minut pod ciep\u0142\u0105 wod\u0105. Mamy pecha, bo w hotelu zepsu\u0142a si\u0119 pompa. By\u0142y\u015bmy we wtorek i dzia\u0142a\u0142a. Piec gazowy obs\u0142ugiwa\u0142 Podgl\u0105dacz. Ten piec dzia\u0142a\u0142 tak, \u017ce najpierw trzeba by\u0142o odkr\u0119ci\u0107 wod\u0119 a potem w\u0142\u0105czy\u0107 piec, na koniec najpierw wy\u0142\u0105czy\u0107 piec, potem zakr\u0119ci\u0107 wod\u0119. Podgl\u0105dacz podbiega\u0142 do pieca, kt\u00f3ry wisia\u0142 naprzeciwko prysznica, a potem oddala\u0142 si\u0119 w kierunku korytarza, ale poniewa\u017c ja go widzia\u0142am w lustrze ustawionym na blacie na przeciwleg\u0142ej \u015bcianie, on r\u00f3wnie\u017c widzia\u0142 ka\u017cdego chlapi\u0105cego si\u0119 pod prysznicem. (staranne zasuni\u0119cie zas\u0142onki za\u0142atwi\u0142o problem). Czekamy a\u017c naprawi\u0105 pomp\u0119 i rozmawiamy z Polakami, grup\u0105, kt\u00f3ra tu przyjecha\u0142a sama, jedna para by\u0142a ju\u017c po, tzn wszed\u0142 ch\u0142opak, dziewczyna dosz\u0142a do Colera. Ch\u0142opak powiedzia\u0142, \u017ce nawet jakby mu zap\u0142acili bardzo du\u017c\u0105 kwot\u0119, to nigdy wi\u0119cej nie zdecydowa\u0142by si\u0119 drugi raz wchodzi\u0107 na szczyt. Bardzo nas zach\u0119ci\u0142 jednym s\u0142owem. Pozosta\u0142a czw\u00f3rka rozchorowa\u0142a si\u0119 na jakiej\u015b innej g\u00f3rze na 6000 i teraz jeszcze si\u0119 kurowali, czekaj\u0105c na dobry moment \u017ceby wyj\u015b\u0107 do g\u00f3ry. Z tej ca\u0142ej czw\u00f3rki nic nie by\u0142o tylko Ani, lekarce z Zakopanego, natomiast jej m\u0105\u017c wygl\u0105da\u0142 nie najlepiej. Po trzech godzinach sytuacja bez zmiany \u2013 pompa zepsuta, my nieumyte. Wracamy. <\/p>\n\n\n\n<figure class=\"wp-block-image size-large\"><img loading=\"lazy\" decoding=\"async\" width=\"1024\" height=\"685\" src=\"http:\/\/siewspina.pl\/wp-content\/uploads\/2021\/03\/DSC_0507-1024x685.jpg\" alt=\"\" class=\"wp-image-187\" srcset=\"https:\/\/siewspina.pl\/wp-content\/uploads\/2021\/03\/DSC_0507-1024x685.jpg 1024w, https:\/\/siewspina.pl\/wp-content\/uploads\/2021\/03\/DSC_0507-300x201.jpg 300w, https:\/\/siewspina.pl\/wp-content\/uploads\/2021\/03\/DSC_0507-768x514.jpg 768w, https:\/\/siewspina.pl\/wp-content\/uploads\/2021\/03\/DSC_0507-1536x1028.jpg 1536w, https:\/\/siewspina.pl\/wp-content\/uploads\/2021\/03\/DSC_0507-2048x1371.jpg 2048w\" sizes=\"auto, (max-width: 1024px) 100vw, 1024px\" \/><figcaption><em>punkt medyczny w bazie, fot. Aga B.<\/em><\/figcaption><\/figure>\n\n\n\n<figure class=\"wp-block-image size-large\"><img loading=\"lazy\" decoding=\"async\" width=\"1024\" height=\"685\" src=\"http:\/\/siewspina.pl\/wp-content\/uploads\/2021\/03\/DSC_0503-1024x685.jpg\" alt=\"\" class=\"wp-image-188\" srcset=\"https:\/\/siewspina.pl\/wp-content\/uploads\/2021\/03\/DSC_0503-1024x685.jpg 1024w, https:\/\/siewspina.pl\/wp-content\/uploads\/2021\/03\/DSC_0503-300x201.jpg 300w, https:\/\/siewspina.pl\/wp-content\/uploads\/2021\/03\/DSC_0503-768x514.jpg 768w, https:\/\/siewspina.pl\/wp-content\/uploads\/2021\/03\/DSC_0503-1536x1028.jpg 1536w, https:\/\/siewspina.pl\/wp-content\/uploads\/2021\/03\/DSC_0503-2048x1371.jpg 2048w\" sizes=\"auto, (max-width: 1024px) 100vw, 1024px\" \/><figcaption><em>troch\u0119 luksusu w bazie, fot. Aga B.<\/em><\/figcaption><\/figure>\n\n\n\n<p> Wieczorem wycieczka do lekarza bazowego. Tym razem, po przypadku Marka, R. osobi\u015bcie wszystkich pogoni\u0142 do punktu medycznego. Lekarz os\u0142ucha\u0142 p\u0142uca, zbada\u0142 ci\u015bnienie, t\u0119tno i saturacj\u0119. Saturacja z 90 (dzie\u0144 po przyj\u015bciu do Mulas) spad\u0142a mi do 84 (poni\u017cej 80 nie mo\u017cna wychodzi\u0107 wy\u017cej). Kiepsko. Ale zgadza si\u0119 z to z moim samopoczuciem. Mam wra\u017cenie, ze im d\u0142u\u017cej tu siedz\u0119 tym gorzej si\u0119 czuj\u0119, a powinno by\u0107 lepiej. Agi maj\u0105 dobr\u0105 saturacj\u0119, ale lekarz pociesza mnie, \u017ce jest ok i mog\u0119 i\u015b\u0107 do g\u00f3ry. M\u00f3wi jeszcze, \u017ce trzeba pi\u0107 minimum 4 litry dziennie \u017ceby si\u0119 dobrze zaaklimatyzowa\u0107. Niestety z wod\u0105 mamy problem. Rano zamarzni\u0119ta w rurach, potem co\u015b tam kombinuj\u0105, nie zawsze wychodzi, wi\u0119c zostaje topienie \u015bniegu. 4 litry dla ka\u017cdego oznacza 60 litr\u00f3w dziennie natopionego \u015bniegu, przy dw\u00f3ch garach i dw\u00f3ch palnikach s\u0142abo wykonalne. Po po\u0142udniu i wieczorem dalej zawierucha, sypie i wieje. Szczyt Pag\u00f3ra zachmurzony albo wisi nad nim \u201esoczewka\u201d. Szansa na jutrzejsze wyj\u015bcie maleje. Wi\u0119kszo\u015b\u0107 ludzi z innych ekip zesz\u0142a do bazy, nie widz\u0105c dalszego sensu czekania na pogod\u0119 na g\u00f3rze. <\/p>\n\n\n\n<p><strong>Baza<\/strong> <strong>Plaza de Mulas, 6 dzie\u0144 w bazie (przymusowo restowy), sobota<\/strong><\/p>\n\n\n\n<p>W nocy wia\u0142o strasznie. Mia\u0142y\u015bmy wra\u017cenie, \u017ce namiot odfrunie razem z ca\u0142\u0105 zawarto\u015bci\u0105. Huk nie pozwala\u0142 zasn\u0105\u0107, nie tylko mi tym razem, Agi te\u017c nie da\u0142y rad\u0119 przez p\u00f3\u0142 nocy. Rano ucich\u0142o i za\u015bwieci\u0142o s\u0142o\u0144ce. Oczy jeszcze bardziej zapuchni\u0119te ni\u017c dzie\u0144 wcze\u015bniej, ale drugie p\u00f3\u0142 nocy przespa\u0142am, wi\u0119c bilans wyszed\u0142 dodatni. R. wys\u0142a\u0142 Piotra Kanadyjczyka na g\u00f3r\u0119 (wcze\u015bniej nie by\u0142 na wycieczce aklimatyzacyjnej w Nido) razem z telefonem satelitarnym. Mu\u0142y w po\u0142udnie dowioz\u0142y zapasy (chleb, jab\u0142ka, pomidory, makaron, mas\u0142o, ser i szynk\u0119). Dwa kilo mas\u0142a zosta\u0142o zjedzone w p\u00f3\u0142 dnia, ten sam los podzieli\u0142o dwa kilo sera \u017c\u00f3\u0142tego.<\/p>\n\n\n\n<figure class=\"wp-block-image size-large\"><img loading=\"lazy\" decoding=\"async\" width=\"1024\" height=\"768\" src=\"https:\/\/siewspina.pl\/wp-content\/uploads\/2022\/01\/DSCN0594-1024x768.jpg\" alt=\"\" class=\"wp-image-435\" srcset=\"https:\/\/siewspina.pl\/wp-content\/uploads\/2022\/01\/DSCN0594-1024x768.jpg 1024w, https:\/\/siewspina.pl\/wp-content\/uploads\/2022\/01\/DSCN0594-300x225.jpg 300w, https:\/\/siewspina.pl\/wp-content\/uploads\/2022\/01\/DSCN0594-768x576.jpg 768w, https:\/\/siewspina.pl\/wp-content\/uploads\/2022\/01\/DSCN0594-1536x1152.jpg 1536w, https:\/\/siewspina.pl\/wp-content\/uploads\/2022\/01\/DSCN0594-2048x1536.jpg 2048w, https:\/\/siewspina.pl\/wp-content\/uploads\/2022\/01\/DSCN0594-120x90.jpg 120w\" sizes=\"auto, (max-width: 1024px) 100vw, 1024px\" \/><figcaption><em>prace obozowe, topienie \u015bniegu, fot. Ania<\/em><\/figcaption><\/figure>\n\n\n\n<p>Stoj\u0105c w kolejce do wc patrzy\u0142am jak Max zaklina\u0142 pogod\u0119 na mod\u0142\u0119 buddyjsk\u0105: obrzuca\u0142 zielskiem kopczyk z kamieni, a potem polewa\u0142 czym\u015b z bidona, na koniec tych obrz\u0119d\u00f3w ukl\u0119kn\u0105\u0142 na ziemi z roz\u0142o\u017conymi r\u0119kami i g\u0142ow\u0105 wzniesion\u0105 ku g\u00f3rze. Wszyscy powoli trac\u0105 cierpliwo\u015b\u0107. Tak, Max, mo\u017ce Ty uratujesz nasz\u0105 wypraw\u0119.<\/p>\n\n\n\n<p>Z Mariuszem i Tomkiem idziemy sprawdzi\u0107 pogod\u0119 w necie. A w necie czarno na bia\u0142ym: sobota na Aconcagule \u2013 s\u0142o\u0144ce ( i na 5000 i na 6000), dobra pogoda ma by\u0107 do czwartku, w poniedzia\u0142ek troch\u0119 chmur, trzy dni bezwietrzne, potem ma zacz\u0105\u0107 wia\u0107. Dzi\u015b sobota, pogoda fatalna, by\u0107 mo\u017ce prognoza o jeden dzie\u0144 jest przesuni\u0119ta i od jutra b\u0119dzie poprawa.<\/p>\n\n\n\n<figure class=\"wp-block-image size-large\"><img loading=\"lazy\" decoding=\"async\" width=\"1024\" height=\"768\" src=\"https:\/\/siewspina.pl\/wp-content\/uploads\/2022\/01\/DSCN0606-1024x768.jpg\" alt=\"\" class=\"wp-image-433\" srcset=\"https:\/\/siewspina.pl\/wp-content\/uploads\/2022\/01\/DSCN0606-1024x768.jpg 1024w, https:\/\/siewspina.pl\/wp-content\/uploads\/2022\/01\/DSCN0606-300x225.jpg 300w, https:\/\/siewspina.pl\/wp-content\/uploads\/2022\/01\/DSCN0606-768x576.jpg 768w, https:\/\/siewspina.pl\/wp-content\/uploads\/2022\/01\/DSCN0606-1536x1152.jpg 1536w, https:\/\/siewspina.pl\/wp-content\/uploads\/2022\/01\/DSCN0606-2048x1536.jpg 2048w, https:\/\/siewspina.pl\/wp-content\/uploads\/2022\/01\/DSCN0606-120x90.jpg 120w\" sizes=\"auto, (max-width: 1024px) 100vw, 1024px\" \/><figcaption><em>w oczekiwaniu na pogod\u0119, fot. Ania <\/em><\/figcaption><\/figure>\n\n\n\n<p>Po po\u0142udniu siedzimy w \u201emessie\u201d. S\u0105 chyba wszyscy. Nastroje minorowe. Zastanawiamy si\u0119 co b\u0119dzie dalej i gdzie jest R. R. przez te wszystkie dni w bazie rzadko zagl\u0105da\u0142 do \u201emessy\u201d, a je\u017celi wpada\u0142 do niej to g\u0142\u00f3wnie po to \u017ceby wyda\u0107 jakie\u015b polecenie. Przed przyj\u015bciem do bazy serwowa\u0142 nam w du\u017cych ilo\u015bciach swoje historie g\u00f3rskie (i nie tylko). W Mulas wyra\u017anie wpad\u0142 w z\u0142y nastr\u00f3j. W ko\u0144cu od ch\u0142opak\u00f3w dowiedzia\u0142y\u015bmy si\u0119, \u017ce kto\u015b z poprzedniej wyprawy zamierza go poda\u0107 do s\u0105du (cz\u0119\u015b\u0107 klient\u00f3w uwa\u017ca\u0142a, \u017ce nie wywi\u0105za\u0142 si\u0119 z umowy, co po\u015brednio spowodowa\u0142o r\u00f3wnie\u017c nieporozumienia z Magd\u0105, \u017con\u0105 R.). R. wpada p\u00f3\u017anym popo\u0142udniem. Chwil\u0119 milczy a potem m\u00f3wi kr\u00f3tko:<\/p>\n\n\n\n<p>\u201eNie zapowiada si\u0119 na popraw\u0119 pogody. \u015aniegu napada\u0142o tyle, \u017ce nie da rady przej\u015b\u0107 przez \u017cleb Canaletta, nikt nie zd\u0105\u017cy przetrze\u0107 szlaku po tych opadach, szczeg\u00f3lnie je\u017celi jeszcze przez kolejne dni b\u0119dzie pada\u0107. Za dwa dni trzeba b\u0119dzie sprowadzi\u0107 mu\u0142y i schodzi\u0107 na d\u00f3\u0142. Depozyt z Nido \u015bci\u0105gniemy sami albo zam\u00f3wimy tragarzy, tylko trzeba b\u0119dzie im za to zap\u0142aci\u0107.\u201d Nie wierzymy w to co s\u0142yszymy. R. nie ma ochoty tu d\u0142u\u017cej siedzie\u0107, do wylotu zosta\u0142y jeszcze prawie dwa tygodnie a on m\u00f3wi o zako\u0144czeniu wyprawy. Po minie Agi widz\u0119, \u017ce jest tak samo w\u015bciek\u0142a jak ja. Jak to wraca\u0107 ??? Rok my\u015blenia o Pag\u00f3rze, kilka miesi\u0119cy przygotowa\u0144 i kupa pieni\u0119dzy wywalona w b\u0142oto w bazie w Mulas ??? Staramy si\u0119 m\u00f3wi\u0107 spokojnie :<\/p>\n\n\n\n<p>\u201eRysiek, my chcemy czeka\u0107, dzisiaj mia\u0142a by\u0107 poprawa pogody. Sprawdzili\u015bmy w necie. Chcemy wyj\u015b\u0107 do Nido a potem zobaczymy co dalej\u201d Mariusz i Tomek przytakuj\u0105, reszta po chwili te\u017c.<\/p>\n\n\n\n<p>R. jest zaskoczony, kilka os\u00f3b z poprzedniej ekipy zrezygnowa\u0142o ju\u017c przy podej\u015bciu do Nido, mimo dobrej pogody, a tu op\u00f3r przy tym ca\u0142ym \u015bniegu i jeszcze wszyscy chc\u0105 pr\u00f3bowa\u0107.<\/p>\n\n\n\n<p>\u201e dobrze, dwa dni mo\u017cemy poczeka\u0107, kto chce jutro i\u015b\u0107 do Nido?\u201d<\/p>\n\n\n\n<p>Prawie wszyscy chc\u0105, cz\u0119\u015b\u0107 zamierza zosta\u0107 na nocleg, cz\u0119\u015b\u0107 wej\u015b\u0107 a potem zej\u015b\u0107 do Mulas. My z Ag\u0105 chcemy zosta\u0107 na g\u00f3rze. Koniec z przygn\u0119biaj\u0105c\u0105 baz\u0105 w Mulas i \u201emess\u0105\u201d, mam serdecznie dosy\u0107 bezczynnego siedzenia tutaj. W nocy sprawdzam \u2013 Pag\u00f3r pozby\u0142 si\u0119 \u201esoczewki\u201d.<\/p>\n\n\n\n<p><strong>Nido de Condores<\/strong><\/p>\n\n\n\n<p>\u201eJanusz, je\u017celi b\u0119dziesz chcia\u0142 zej\u015b\u0107, to powiedz i schodzimy\u201d<\/p>\n\n\n\n<p>\u201eMowy nie ma, idziemy dalej a\u017c do Nido\u201d<\/p>\n\n\n\n<p>Janusza spotka\u0142am jeszcze przed Canad\u0105. Aga sz\u0142a swoim tempem i widz\u0105c, \u017ce mam towarzystwo posz\u0142a szybciej razem z Andrzejem.<\/p>\n\n\n\n<p>\u201eAnia, to ja powinienem si\u0119 opiekowa\u0107 Tob\u0105 a tymczasem Ty opiekujesz si\u0119 mn\u0105.\u201d Patrz\u0119 na Janusza: albo zwariowa\u0142 albo czuje si\u0119 jeszcze gorzej ni\u017c ja. W obecnym stanie ducha i cia\u0142a nie by\u0142abym w stanie zaopiekowa\u0107 si\u0119 chomikiem, \u015bwink\u0105 morsk\u0105, czy te\u017c innym zwierz\u0119ciem futerkowym (gdyby komu\u015b przysz\u0142o do g\u0142owy porzuci\u0107 takie stworzenie w drodze do Nido) a co tu m\u00f3wi\u0107 o Januszu. Ale na wszelki wypadek daj\u0119 Januszowi glukardiamid, baton energetyczny, sama te\u017c zjadam taki zestaw i zarz\u0105dzam przerw\u0119 na picie. Ci\u0105gle mam w g\u0142owie przypadek Marka i tych nieszcz\u0119\u015bnik\u00f3w, kt\u00f3rzy zmarli w ostatnich dniach. Picie wydzielamy sobie ma\u0142ymi porcjami, mamy litr herbaty, kt\u00f3ry musi wystarczy\u0107 do Nido. Robimy du\u017co postoj\u00f3w i zanim jeszcze zd\u0105\u017cymy poderwa\u0107 ty\u0142ki z jednego miejsca ju\u017c wyszukujemy miejsce na kolejny odpoczynek. W praktyce wygl\u0105da to tak : dwa zakosy, kamie\u0144, siadamy, dwa zakosy, kamie\u0144, siadamy&#8230;.. i tak wyrywamy centymetr po centymetrze Du\u017cemu Pag\u00f3rowi (chwa\u0142a mu za to, \u017ce zrezygnowa\u0142 na razie z bujania w ob\u0142okach).<\/p>\n\n\n\n<figure class=\"wp-block-image size-large is-resized\"><img loading=\"lazy\" decoding=\"async\" src=\"https:\/\/siewspina.pl\/wp-content\/uploads\/2022\/01\/DSCN0617-1024x768.jpg\" alt=\"\" class=\"wp-image-440\" width=\"840\" height=\"630\" srcset=\"https:\/\/siewspina.pl\/wp-content\/uploads\/2022\/01\/DSCN0617-1024x768.jpg 1024w, https:\/\/siewspina.pl\/wp-content\/uploads\/2022\/01\/DSCN0617-300x225.jpg 300w, https:\/\/siewspina.pl\/wp-content\/uploads\/2022\/01\/DSCN0617-768x576.jpg 768w, https:\/\/siewspina.pl\/wp-content\/uploads\/2022\/01\/DSCN0617-1536x1152.jpg 1536w, https:\/\/siewspina.pl\/wp-content\/uploads\/2022\/01\/DSCN0617-2048x1536.jpg 2048w, https:\/\/siewspina.pl\/wp-content\/uploads\/2022\/01\/DSCN0617-120x90.jpg 120w\" sizes=\"auto, (max-width: 840px) 100vw, 840px\" \/><figcaption><em>Dzie\u0144 wyj\u015bcia z bazy z zamiarem wej\u015bcia na szczyt, widok na Plaza de Mulas, fot. Ania<\/em><\/figcaption><\/figure>\n\n\n\n<figure class=\"wp-block-image size-large\"><img loading=\"lazy\" decoding=\"async\" width=\"1024\" height=\"768\" src=\"https:\/\/siewspina.pl\/wp-content\/uploads\/2022\/01\/DSCN0626-1024x768.jpg\" alt=\"\" class=\"wp-image-441\" srcset=\"https:\/\/siewspina.pl\/wp-content\/uploads\/2022\/01\/DSCN0626-1024x768.jpg 1024w, https:\/\/siewspina.pl\/wp-content\/uploads\/2022\/01\/DSCN0626-300x225.jpg 300w, https:\/\/siewspina.pl\/wp-content\/uploads\/2022\/01\/DSCN0626-768x576.jpg 768w, https:\/\/siewspina.pl\/wp-content\/uploads\/2022\/01\/DSCN0626-1536x1152.jpg 1536w, https:\/\/siewspina.pl\/wp-content\/uploads\/2022\/01\/DSCN0626-2048x1536.jpg 2048w, https:\/\/siewspina.pl\/wp-content\/uploads\/2022\/01\/DSCN0626-120x90.jpg 120w\" sizes=\"auto, (max-width: 1024px) 100vw, 1024px\" \/><figcaption><em>mozolne podchodzenie do obozu 1, czyli Nido de Condores, fot. Ania<\/em><\/figcaption><\/figure>\n\n\n\n<p>Przed prze\u0142\u0119cz\u0105 mijaj\u0105 nas \u201emarato\u0144czycy\u201d Micha\u0142 i Piotr. Wyszli ze dwie godziny p\u00f3\u017aniej i teraz patrz\u0119 z nieukrywan\u0105 zawi\u015bci\u0105 jak sobie radz\u0105 z zakosami. Na wysoko\u015bci ponad 5000 id\u0105 jakby brali udzia\u0142 w przebie\u017cce na Guba\u0142\u00f3wk\u0119 (w Mulas, w\u015br\u00f3d innych ekip, ju\u017c od kilku dni kr\u0105\u017cy\u0142y opowie\u015bci o \u201ebiegaczach\u201d Paw\u0142owskiego). Od prze\u0142\u0119czy wida\u0107 flag\u0119 obozow\u0105, cel wydaje si\u0119 by\u0107 bliski, ale to jeszcze 1.5 godziny dreptania &#8211; zakosy a potem trawers. Trawers jest ostatnim sprawdzianem wytrzyma\u0142o\u015bci i cierpliwo\u015bci na tym odcinku. Janusz w mi\u0119dzyczasie odzyska\u0142 troch\u0119 si\u0142, ja wlok\u0119 si\u0119 za nim. W po\u0142owie spotykamy R. schodz\u0105cego z g\u00f3ry do Mulas. R. jest zdecydowanie w lepszym humorze \u2013 kto\u015b podrzuci\u0142 do namiotu rzeczy, kt\u00f3re wcze\u015bniej stamt\u0105d sobie \u201epo\u017cyczy\u0142\u201d. Cennym \u201ezwrotem\u201d s\u0105 buty wyprawowe. Chwil\u0119 p\u00f3\u017aniej min\u0105\u0142 nas w\u015bciek\u0142y Micha\u0142, by\u0142 w Nido, stwierdzi\u0142, \u017ce nie ma tam nic do jedzenia i ze z\u0142o\u015bci wpad\u0142 na pomys\u0142 zej\u015bcia do Mulas. Nie by\u0142o to zej\u015bcie \u2013 to by\u0142 bieg w d\u00f3\u0142. Po 8 godzinach udr\u0119ki (2 godziny wyd\u0142u\u017cy\u0142a si\u0119 ta wycieczka w stosunku do poprzedniego wej\u015bcia i by\u0142 to m\u00f3j najgorszy dzie\u0144 na Pag\u00f3rze) stan\u0119li\u015bmy dumnie obok flagi czuj\u0105c si\u0119 tak jakby\u015bmy ju\u017c weszli szczyt \u2013 u\u015bciskali\u015bmy si\u0119 z Januszem uroczy\u015bcie mamrocz\u0105c co\u015b przy tym, \u017ce dobrze, \u017ce si\u0119 spotkali\u015bmy przed Canad\u0105, \u017ce sami to nie daliby\u015bmy rady z tymi zakosami&#8230;. Nasza \u201ejedynka\u201d stoi na ko\u0144cu obozowiska, jeszcze kilka krok\u00f3w i ju\u017c nas witaj\u0105. I czeka Aga z herbat\u0105 w termosie (jest prawie jak w domu \ud83d\ude42 Ten nasz \u201enowy dom\u201d jest pi\u0119knie po\u0142o\u017cony, nie ma tu niczego co przypomina\u0142oby Mulas : jest zach\u00f3d s\u0142o\u0144ca, mamy puch\u00f3wki (czyli wcze\u015bniej przyniesiony depozyt) i \u2026.nie ma kibelk\u00f3w &#8211; s\u0105 worki na merde.<\/p>\n\n\n\n<figure class=\"wp-block-image size-large is-resized\"><img loading=\"lazy\" decoding=\"async\" src=\"https:\/\/siewspina.pl\/wp-content\/uploads\/2022\/01\/DSCN0630-1024x768.jpg\" alt=\"\" class=\"wp-image-442\" width=\"840\" height=\"630\" srcset=\"https:\/\/siewspina.pl\/wp-content\/uploads\/2022\/01\/DSCN0630-1024x768.jpg 1024w, https:\/\/siewspina.pl\/wp-content\/uploads\/2022\/01\/DSCN0630-300x225.jpg 300w, https:\/\/siewspina.pl\/wp-content\/uploads\/2022\/01\/DSCN0630-768x576.jpg 768w, https:\/\/siewspina.pl\/wp-content\/uploads\/2022\/01\/DSCN0630-1536x1152.jpg 1536w, https:\/\/siewspina.pl\/wp-content\/uploads\/2022\/01\/DSCN0630-2048x1536.jpg 2048w, https:\/\/siewspina.pl\/wp-content\/uploads\/2022\/01\/DSCN0630-120x90.jpg 120w\" sizes=\"auto, (max-width: 840px) 100vw, 840px\" \/><figcaption><em>  I czeka Aga z herbat\u0105 w termosie (jest prawie jak w domu :), Nido de Condores, fot. Ania<\/em><\/figcaption><\/figure>\n\n\n\n<figure class=\"wp-block-image size-large\"><img loading=\"lazy\" decoding=\"async\" width=\"1024\" height=\"768\" src=\"https:\/\/siewspina.pl\/wp-content\/uploads\/2022\/01\/DSCN0632-1024x768.jpg\" alt=\"\" class=\"wp-image-452\" srcset=\"https:\/\/siewspina.pl\/wp-content\/uploads\/2022\/01\/DSCN0632-1024x768.jpg 1024w, https:\/\/siewspina.pl\/wp-content\/uploads\/2022\/01\/DSCN0632-300x225.jpg 300w, https:\/\/siewspina.pl\/wp-content\/uploads\/2022\/01\/DSCN0632-768x576.jpg 768w, https:\/\/siewspina.pl\/wp-content\/uploads\/2022\/01\/DSCN0632-1536x1152.jpg 1536w, https:\/\/siewspina.pl\/wp-content\/uploads\/2022\/01\/DSCN0632-2048x1536.jpg 2048w, https:\/\/siewspina.pl\/wp-content\/uploads\/2022\/01\/DSCN0632-120x90.jpg 120w\" sizes=\"auto, (max-width: 1024px) 100vw, 1024px\" \/><\/figure>\n\n\n\n<p><strong>Merde w workach<\/strong><\/p>\n\n\n\n<p>\u201eMerde chodzi po ludziach\u201d autor Stephen Clark. Zabra\u0142am ze sob\u0105 a potem po\u017cyczy\u0142am, bo \u017cal mi si\u0119 zrobi\u0142o Mariusza, kt\u00f3ry w Mulas wypowiedzia\u0142 wojn\u0119 Vonnegutowi. Polecam \u2013 lektura zabawna lekka i przyjemna (i mo\u017cna si\u0119 naczyta\u0107, bo tom\u00f3w z \u201emerde\u201d w tytule jest wi\u0119cej).<\/p>\n\n\n\n<p>W Mulas wszelkie sprawy zwi\u0105zane z merde za\u0142atwia si\u0119 w blaszanych budach, kryj\u0105cych blaszane beczki wkopane w ziemi\u0119 (co jaki\u015b czas zwo\u017c\u0105 je helikopterami w d\u00f3\u0142). Ka\u017cda agencja ma sw\u00f3j blaszak zamykany na klucz. Klucz wisi w agencji, wi\u0119c \u017ceby skorzysta\u0107 z blaszaka trzeba najpierw p\u00f3j\u015b\u0107 po kluczyk (odleg\u0142o\u015b\u0107 pomi\u0119dzy jednym a drugim nie jest ma\u0142a). Kluczyka najcz\u0119\u015bciej nie ma, bo ch\u0119tnych do toalety jest du\u017co. Ania Lekarka znalaz\u0142a spos\u00f3b na to ca\u0142e \u0142a\u017cenie \u2013 blaszak otworzy\u0142a, kluczyk schowa\u0142a.<\/p>\n\n\n\n<p>Korzystanie z blaszaka jest karko\u0142omne, bo po pierwsze trzeba uwa\u017ca\u0107 \u017ceby nie wpa\u015b\u0107 do dziury pe\u0142nej merde, po drugie trzeba trzyma\u0107 si\u0119 mocno bocznych \u015bcianek , bo nogi na \u015bliskiej mokrej blasze rozje\u017cd\u017caj\u0105 si\u0119 na boki.<\/p>\n\n\n\n<p>Worki obowi\u0105zuj\u0105 od Mulas wzwy\u017c. Worki na merde s\u0105 bia\u0142e, niezupe\u0142nie nieprzezroczyste, na ka\u017cdym czarnym mazakiem jest wpisany numer delikwenta. Worka trzeba pilnie strzec -utrata oznacza 300 dolc\u00f3w wp\u0142aconych na rzecz Parku Narodowego. Pe\u0142ny worek mocuje si\u0119 do plecaka i w\u0119druje z nim od obozu do obozu. Worek oddaje si\u0119 przy wymeldowaniu z Mulas (worek jest wrzucany do beczek, ale wcze\u015bniej stra\u017cnicy sprawdzaj\u0105 numer i przypisanego do niego delikwenta). M\u00f3j organizm zareagowa\u0142 gwa\u0142townym \u201enie\u201d na widok worka (bardzo si\u0119 to zem\u015bci\u0142o na mnie w drodze powrotnej dolin\u0105 Horcones) wi\u0119c po 6 dniach wrzuci\u0142am do beczki atrap\u0119. Za pozostawienie merde poza workiem gro\u017c\u0105 wysokie sankcje karne. R. opowiada\u0142 o przypadku gdy rangersi pewnego razu przyszli do niego z informacj\u0105, \u017ce kto\u015b z jego ekipy zanieczy\u015bci\u0142 teren, wszyscy si\u0119 wypierali (wiarygodnych \u015bwiadk\u00f3w nie by\u0142o) do momentu kiedy udano si\u0119 na miejsce zdarzenia i okaza\u0142o si\u0119, \u017ce zosta\u0142 \u015blad \u2013 permit z wypisanym imieniem i nazwiskiem, kt\u00f3ry pos\u0142u\u017cy\u0142 w tej historii jako papier toaletowy.<\/p>\n\n\n\n<figure class=\"wp-block-image size-large\"><img loading=\"lazy\" decoding=\"async\" width=\"1024\" height=\"768\" src=\"https:\/\/siewspina.pl\/wp-content\/uploads\/2022\/01\/DSCN0640-1024x768.jpg\" alt=\"\" class=\"wp-image-453\" srcset=\"https:\/\/siewspina.pl\/wp-content\/uploads\/2022\/01\/DSCN0640-1024x768.jpg 1024w, https:\/\/siewspina.pl\/wp-content\/uploads\/2022\/01\/DSCN0640-300x225.jpg 300w, https:\/\/siewspina.pl\/wp-content\/uploads\/2022\/01\/DSCN0640-768x576.jpg 768w, https:\/\/siewspina.pl\/wp-content\/uploads\/2022\/01\/DSCN0640-1536x1152.jpg 1536w, https:\/\/siewspina.pl\/wp-content\/uploads\/2022\/01\/DSCN0640-2048x1536.jpg 2048w, https:\/\/siewspina.pl\/wp-content\/uploads\/2022\/01\/DSCN0640-120x90.jpg 120w\" sizes=\"auto, (max-width: 1024px) 100vw, 1024px\" \/><\/figure>\n\n\n\n<figure class=\"wp-block-image size-large\"><img loading=\"lazy\" decoding=\"async\" width=\"1024\" height=\"768\" src=\"https:\/\/siewspina.pl\/wp-content\/uploads\/2022\/01\/DSCN0643-1024x768.jpg\" alt=\"\" class=\"wp-image-454\" srcset=\"https:\/\/siewspina.pl\/wp-content\/uploads\/2022\/01\/DSCN0643-1024x768.jpg 1024w, https:\/\/siewspina.pl\/wp-content\/uploads\/2022\/01\/DSCN0643-300x225.jpg 300w, https:\/\/siewspina.pl\/wp-content\/uploads\/2022\/01\/DSCN0643-768x576.jpg 768w, https:\/\/siewspina.pl\/wp-content\/uploads\/2022\/01\/DSCN0643-1536x1152.jpg 1536w, https:\/\/siewspina.pl\/wp-content\/uploads\/2022\/01\/DSCN0643-2048x1536.jpg 2048w, https:\/\/siewspina.pl\/wp-content\/uploads\/2022\/01\/DSCN0643-120x90.jpg 120w\" sizes=\"auto, (max-width: 1024px) 100vw, 1024px\" \/><\/figure>\n\n\n\n<p><strong>Coler \u2013 wyj\u015bcie aklimatyzacyjne, poniedzia\u0142ek<\/strong><\/p>\n\n\n\n<p>O 9 rano ch\u0142opaki sprawdzi\u0142y temperatur\u0119, na zewn\u0105trz -15, w namiotach -8. Luz, zaczynam si\u0119 przyzwyczaja\u0107 i przesta\u0142am marzn\u0105\u0107. W og\u00f3le stwierdzam, \u017ce do wszystkiego mo\u017cna si\u0119 przyzwyczai\u0107: do liofilii jedzonych na zmian\u0119 z kaszkami, do topienia \u015bniegu, widoku work\u00f3w na merde, sikania na ponad dwudziestostopniowym mrozie,wiatru, totalnego chaosu w namiocie i jedzenia na pod\u0142odze. Potrzeba jedynie odpowiedniej ilo\u015bci czasu \u017ceby odwykn\u0105\u0107 od cywilizacji. Nie mog\u0119 tylko przyzwyczai\u0107 si\u0119 do niemycia, chyba \u017ce jest ostry mr\u00f3z (a tu na g\u00f3rze jest), wtedy brak prysznica te\u017c nie jest tak bardzo dokuczliwy.<\/p>\n\n\n\n<figure class=\"wp-block-image size-large is-resized\"><img loading=\"lazy\" decoding=\"async\" src=\"https:\/\/siewspina.pl\/wp-content\/uploads\/2022\/01\/DSCN0648-1024x768.jpg\" alt=\"\" class=\"wp-image-457\" width=\"840\" height=\"630\" srcset=\"https:\/\/siewspina.pl\/wp-content\/uploads\/2022\/01\/DSCN0648-1024x768.jpg 1024w, https:\/\/siewspina.pl\/wp-content\/uploads\/2022\/01\/DSCN0648-300x225.jpg 300w, https:\/\/siewspina.pl\/wp-content\/uploads\/2022\/01\/DSCN0648-768x576.jpg 768w, https:\/\/siewspina.pl\/wp-content\/uploads\/2022\/01\/DSCN0648-1536x1152.jpg 1536w, https:\/\/siewspina.pl\/wp-content\/uploads\/2022\/01\/DSCN0648-2048x1536.jpg 2048w, https:\/\/siewspina.pl\/wp-content\/uploads\/2022\/01\/DSCN0648-120x90.jpg 120w\" sizes=\"auto, (max-width: 840px) 100vw, 840px\" \/><figcaption><em>W drodze do Colera, fot. Ania<\/em><\/figcaption><\/figure>\n\n\n\n<figure class=\"wp-block-image size-large\"><img loading=\"lazy\" decoding=\"async\" width=\"1024\" height=\"768\" src=\"https:\/\/siewspina.pl\/wp-content\/uploads\/2022\/01\/DSCN0652-1024x768.jpg\" alt=\"\" class=\"wp-image-458\" srcset=\"https:\/\/siewspina.pl\/wp-content\/uploads\/2022\/01\/DSCN0652-1024x768.jpg 1024w, https:\/\/siewspina.pl\/wp-content\/uploads\/2022\/01\/DSCN0652-300x225.jpg 300w, https:\/\/siewspina.pl\/wp-content\/uploads\/2022\/01\/DSCN0652-768x576.jpg 768w, https:\/\/siewspina.pl\/wp-content\/uploads\/2022\/01\/DSCN0652-1536x1152.jpg 1536w, https:\/\/siewspina.pl\/wp-content\/uploads\/2022\/01\/DSCN0652-2048x1536.jpg 2048w, https:\/\/siewspina.pl\/wp-content\/uploads\/2022\/01\/DSCN0652-120x90.jpg 120w\" sizes=\"auto, (max-width: 1024px) 100vw, 1024px\" \/><\/figure>\n\n\n\n<p>Rano rozmowa przez telefon satelitarny z R. &#8211; mamy i\u015b\u0107 do Colera, koniecznie w rakach, na razie bez depozytu. Ten odcinek nie jest d\u0142ugi, 410m przewy\u017cszenia, przewidywany czas na wej\u015bcie to 3 godziny, na zej\u015bcie potrzeba ok. 1 godziny, nie musimy si\u0119 wi\u0119c spieszy\u0107. Droga biegnie ca\u0142y czas r\u00f3wno pod g\u00f3r\u0119, s\u0105 moje ulubione trawersy, przed Berlinem robi si\u0119 stromo, trawersy staj\u0105 si\u0119 bardziej popl\u0105tane. I gdzie\u015b przed t\u0105 stromizn\u0105 m\u00f3j organizm nagle zwariowa\u0142, doszed\u0142 do wniosku, \u017ce na tej wysoko\u015bci czuje si\u0119 \u015bwietnie: \u017cadnej zadyszki, wolny, ale r\u00f3wny krok i nie musz\u0119 bez przerwy odpoczywa\u0107. I to by\u0142 chyba ten czas gdy zacz\u0119\u0142am wierzy\u0107, \u017ce mam jak\u0105\u015b szans\u0119 \u017ceby wej\u015b\u0107 na szczyt.<\/p>\n\n\n\n<p>W po\u0142owie drogi zrobili\u015bmy d\u0142u\u017cszy post\u00f3j. By\u0142 to przykry moment, bo z g\u00f3ry trzy osoby \u015bci\u0105ga\u0142y rozci\u0119t\u0105 beczk\u0119, w \u015brodku zawini\u0119te w \u015bpiw\u00f3r by\u0142y zw\u0142oki. By\u0142 to prawdopodobnie Czech, kt\u00f3ry zmar\u0142 w nocy z wych\u0142odzenia na wysoko\u015bci Independencii, ju\u017c po zej\u015bciu ze szczytu. Prawdopodobnie, bo na pocz\u0105tku drogi do Colera spotkali\u015bmy Polaka, kt\u00f3ry opowiedzia\u0142 nam, \u017ce czuwa\u0142 w nocy przy umieraj\u0105cym ch\u0142opaku. Znalaz\u0142 go na wysoko\u015bci 6300, ch\u0142opak by\u0142 bez \u015bpiwora i namiotu, mia\u0142 tylko p\u0142acht\u0119 biwakow\u0105, kt\u00f3ra nie by\u0142a wystarczaj\u0105ca na temperatury, kt\u00f3re w nocy s\u0105 na tej wysoko\u015bci. Jedna osoba ci\u0105gn\u0119\u0142a beczk\u0119, dwie pozosta\u0142e hamowa\u0142y z ty\u0142u ca\u0142y ten karawan, schodzili wolno ze wzgl\u0119du na stromizn\u0119 i osypuj\u0105cy si\u0119 piarg ze \u015bniegiem. Chwila niepewno\u015bci i zadumy. Mo\u017cna jedynie pochyli\u0107 g\u0142ow\u0119 i \u2026 p\u00f3j\u015b\u0107 dalej.<\/p>\n\n\n\n<p>W Colerze by\u0142o nieprzyjemnie. Ob\u00f3z po\u0142o\u017cony jest na wysoko\u015bci 5970m w malowniczym miejscu (jest to rodzaj gniazda, nawet wchodzi si\u0119 do niego lekko wspinaczkowo, otoczony jest ska\u0142ami, z otwarciem w kierunku szczytu), ale zrobi\u0142o si\u0119 mgli\u015bcie i zacz\u0105\u0142 pada\u0107 \u015bnieg. Szybko zeszli\u015bmy w d\u00f3\u0142 do Nido.<\/p>\n\n\n\n<figure class=\"wp-block-image size-large\"><img loading=\"lazy\" decoding=\"async\" width=\"1024\" height=\"768\" src=\"https:\/\/siewspina.pl\/wp-content\/uploads\/2022\/01\/DSCN0654-1024x768.jpg\" alt=\"\" class=\"wp-image-459\" srcset=\"https:\/\/siewspina.pl\/wp-content\/uploads\/2022\/01\/DSCN0654-1024x768.jpg 1024w, https:\/\/siewspina.pl\/wp-content\/uploads\/2022\/01\/DSCN0654-300x225.jpg 300w, https:\/\/siewspina.pl\/wp-content\/uploads\/2022\/01\/DSCN0654-768x576.jpg 768w, https:\/\/siewspina.pl\/wp-content\/uploads\/2022\/01\/DSCN0654-1536x1152.jpg 1536w, https:\/\/siewspina.pl\/wp-content\/uploads\/2022\/01\/DSCN0654-2048x1536.jpg 2048w, https:\/\/siewspina.pl\/wp-content\/uploads\/2022\/01\/DSCN0654-120x90.jpg 120w\" sizes=\"auto, (max-width: 1024px) 100vw, 1024px\" \/><figcaption><em>Tu\u017c przed Colerem, fot. Ania<\/em><\/figcaption><\/figure>\n\n\n\n<figure class=\"wp-block-image size-large is-resized\"><img loading=\"lazy\" decoding=\"async\" src=\"https:\/\/siewspina.pl\/wp-content\/uploads\/2022\/01\/DSCN0657-1024x768.jpg\" alt=\"\" class=\"wp-image-460\" width=\"840\" height=\"630\" srcset=\"https:\/\/siewspina.pl\/wp-content\/uploads\/2022\/01\/DSCN0657-1024x768.jpg 1024w, https:\/\/siewspina.pl\/wp-content\/uploads\/2022\/01\/DSCN0657-300x225.jpg 300w, https:\/\/siewspina.pl\/wp-content\/uploads\/2022\/01\/DSCN0657-768x576.jpg 768w, https:\/\/siewspina.pl\/wp-content\/uploads\/2022\/01\/DSCN0657-1536x1152.jpg 1536w, https:\/\/siewspina.pl\/wp-content\/uploads\/2022\/01\/DSCN0657-2048x1536.jpg 2048w, https:\/\/siewspina.pl\/wp-content\/uploads\/2022\/01\/DSCN0657-120x90.jpg 120w\" sizes=\"auto, (max-width: 840px) 100vw, 840px\" \/><figcaption><em>Coler, wysoko\u015b\u0107 5970 m n.p.m., fot. Ania<\/em><\/figcaption><\/figure>\n\n\n\n<p>W Nido by\u0142 ju\u017c R., za chwil\u0119 przysz\u0142a te\u017c z Mulas Agnieszka i Kanadyjczyk, a wcze\u015bniej Micha\u0142. Na dole zosta\u0142 Mirek, kt\u00f3ry mia\u0142 jaki\u015b problem z \u017co\u0142\u0105dkiem. R. zostawi\u0142 mu jeden z telefon\u00f3w.<\/p>\n\n\n\n<p>R. siedzia\u0142 w namiocie i topi\u0142 \u015bnieg.<\/p>\n\n\n\n<p>\u201eHej Samosie dla Was te\u017c natopi\u0107 \u015bniegu, bo wy tak wszystko same, to mo\u017ce nie potrzebujecie ?\u201d<\/p>\n\n\n\n<p>To do nas \u2013 bab. R. uzna\u0142 nas za \u201edziwne\u201d baby jeszcze na pocz\u0105tku wyprawy kiedy zakomunikowa\u0142y\u015bmy w recepcji hotelu w Santiago, \u017ce nie b\u0119dziemy spa\u0107 ani w hotelu ani w namiocie z \u017cadnym z obecnych tu facet\u00f3w, \u017ce chcemy babski namiot i babski pok\u00f3j w hotelu. Deklaracj\u0119 zako\u0144czy\u0142am nast\u0119puj\u0105c\u0105 przemow\u0105: \u201ePanowie, w domach zosta\u0142y wasze \u017cony, matki i kochanki. Teraz jeste\u015bcie na wakacjach, wi\u0119c wyluzujcie i odpoczywajcie \u201d.<\/p>\n\n\n\n<p><strong>Coler \u2013 wyj\u015bcie z depozytem, wtorek<\/strong><\/p>\n\n\n\n<p>Kolejny ranek w Nido po\u0142\u0105czony z nerw\u00f3wk\u0105. R. wyznacza ekip\u0119 szturmow\u0105, kt\u00f3ra ma dzi\u015b p\u00f3j\u015b\u0107 na nocleg do Colera, a jutro o \u015bwicie wyj\u015b\u0107 w kierunku szczytu. Do Colera trzeba wynie\u015b\u0107 trzy namioty dwuosobowe czyli wychodzi, \u017ce 6 os\u00f3b zostanie wys\u0142anych na g\u00f3r\u0119. Siedzimy w namiocie i nas\u0142uchujemy. Mamy nadziej\u0119, \u017ce my z Ag\u0105 te\u017c jeste\u015bmy na \u201eli\u015bcie\u201d \u2013 by\u0142y\u015bmy ju\u017c w Colerze (aklimatyzacja zaliczona) i czujemy si\u0119 dobrze. R. wyznaczy\u0142 6 facet\u00f3w, w\u015br\u00f3d nich jest Tomek, Mariusz, Micha\u0142, Piotr, Andrzej i Max. Nad nami w og\u00f3le si\u0119 nie zastanawia\u0142. I wtedy Aga wkroczy\u0142a do akcji, poprosi\u0142a ch\u0142opak\u00f3w o miejsce w namiocie. Mariusz i Tomek powiedzieli, \u017ce nie ma problemu, \u017ce w tr\u00f3jk\u0119 si\u0119 zmieszcz\u0105 (cel by\u0142 \u201eszczytny\u201d, wi\u0119c chwilowo odpu\u015bci\u0142y\u015bmy z deklaracjami spania w namiotach czysto babskich). Potem Aga posz\u0142a na pertraktacje do R.R. by\u0142 niezadowolony, ale w ko\u0144cu da\u0142 Adze zgod\u0119 na wyj\u015bcie. Potem posz\u0142am ja, Andrzej i Max r\u00f3wnie\u017c powiedzieli, \u017ce w tr\u00f3jk\u0119 si\u0119 zmie\u015bcimy i \u017ce nie ma problemu. Id\u0119 do R. Pada absolutne \u201enie\u201d, ja mam i\u015b\u0107 jutro, bo \u201ei tak o jedn\u0105 bab\u0119 jest za du\u017co w grupie szturmowej\u201d poza tym mam si\u0119 dalej aklimatyzowa\u0107. Czyli drugie wyj\u015bcie do Colera (tym razem z depozytem) i zej\u015bcie do Nido, drog\u0119 do Colera zd\u0105\u017cy\u0142am polubi\u0107, aklimatyzacja si\u0119 przyda, mog\u0119 i\u015b\u0107, martwi\u0119 si\u0119 tylko czy pogoda wytrzyma do czwartku. Ale po tym jak s\u0142ysz\u0119 \u017ce \u201eo jedn\u0105 bab\u0119 za du\u017co\u201d zaciskam z\u0119by i id\u0119 pakowa\u0107 swoje rzeczy i depozyt, maj\u0105c nadziej\u0119, \u017ce Pag\u00f3r jeszcze trzy dni wytrzyma bez \u201esoczewki\u201d.<\/p>\n\n\n\n<p>W po\u0142owie drogi do Colera spotkali\u015bmy Ani\u0119 Lekark\u0119 i jej m\u0119\u017ca. Pr\u00f3bowali wej\u015b\u0107 na szczyt bezpo\u015brednio z Nido, ale pod Independenci\u0105 zawr\u00f3cili, Pawe\u0142 nie czu\u0142 si\u0119 dobrze, szli wolno i bali si\u0119, \u017ce nie zd\u0105\u017c\u0105 zej\u015b\u0107 ze szczytu przed zmrokiem. Od Ani dosta\u0142am estazolam (tabletki nasenne, nie powinno si\u0119 stosowa\u0107 wysoko w g\u00f3rach, ale m\u0119czy\u0142o mnie ju\u017c to chroniczne niewyspanie). Spotkali\u015bmy r\u00f3wnie\u017c Polak\u00f3w, kt\u00f3rzy przyjechali z innymi agencjami (\u201ePamir\u201d, PKA, \u201eAnnapurna\u201d ) i grupy, kt\u00f3re przyjecha\u0142y same, wi\u0119kszo\u015b\u0107 ludzi wykorzysta\u0142a okno pogodowe i wesz\u0142a na szczyt, na wszystkich spotkanych twarzach by\u0142o tylko wida\u0107 ogromne zm\u0119czenie.<\/p>\n\n\n\n<figure class=\"wp-block-image size-large\"><img loading=\"lazy\" decoding=\"async\" width=\"1024\" height=\"768\" src=\"https:\/\/siewspina.pl\/wp-content\/uploads\/2022\/01\/DSCN0672-1024x768.jpg\" alt=\"\" class=\"wp-image-463\" srcset=\"https:\/\/siewspina.pl\/wp-content\/uploads\/2022\/01\/DSCN0672-1024x768.jpg 1024w, https:\/\/siewspina.pl\/wp-content\/uploads\/2022\/01\/DSCN0672-300x225.jpg 300w, https:\/\/siewspina.pl\/wp-content\/uploads\/2022\/01\/DSCN0672-768x576.jpg 768w, https:\/\/siewspina.pl\/wp-content\/uploads\/2022\/01\/DSCN0672-1536x1152.jpg 1536w, https:\/\/siewspina.pl\/wp-content\/uploads\/2022\/01\/DSCN0672-2048x1536.jpg 2048w, https:\/\/siewspina.pl\/wp-content\/uploads\/2022\/01\/DSCN0672-120x90.jpg 120w\" sizes=\"auto, (max-width: 1024px) 100vw, 1024px\" \/><figcaption><em>Drugie wyj\u015bcie aklimatyzacyjne do Colera, fot. Ania<\/em><\/figcaption><\/figure>\n\n\n\n<p><strong>Chi\u0144czycy<\/strong><\/p>\n\n\n\n<p>Chink\u0119 spotkali\u015bmy przed Berlinem. Wisia\u0142a (dos\u0142ownie) na kijach, robi\u0105c 1\/3 kroku na minut\u0119 Towarzyszy\u0142o jej 3 lokales\u00f3w. Lokalesi nie wiedzieli co z Chink\u0105 zrobi\u0107, wi\u0119c cierpliwie za ni\u0105 dreptali. Patrzyli\u015bmy zdumieni na to w jaki spos\u00f3b porusza\u0142o si\u0119 to ca\u0142e towarzystwo. Mia\u0142o si\u0119 wra\u017cenie, \u017ce dziewczyna lada moment upadnie i wi\u0119cej nie wstanie. Jej grupa sz\u0142a z przodu i wtedy przypomnia\u0142y\u015bmy sobie z Agnieszk\u0105, \u017ce przecie\u017c ju\u017c ich spotka\u0142y\u015bmy w drodze do Refugio Plaza de Mulas. Wygl\u0105dali jak stado olbrzymich Teletubisi\u00f3w w drodze na Everest. Wszyscy mieli \u017c\u00f3\u0142te La Sportivy na nogach, kurtki puchowe (ka\u017cdy mia\u0142 na kurtce naszywk\u0119 z napisem Bejiing 2008) i plecaki. Szli potwornie wolno, kiwaj\u0105c si\u0119 na boki.<\/p>\n\n\n\n<p>Widz\u0105c Chink\u0119 wkroczy\u0142y\u015bmy do akcji zmieniaj\u0105c si\u0119 w jednej sekundzie w dr Agnes i dr An\u0119 (tak nazwa\u0142a Agnieszk\u0119 i mnie Aga jak zobaczy\u0142a nasze apteczki &#8211; z ilo\u015bci\u0105 lek\u00f3w i \u015brodk\u00f3w opatrunkowych, kt\u00f3re zabra\u0142y\u015bmy ze sob\u0105, mog\u0142y\u015bmy konkurowa\u0107 z punktem medycznym w Mulas)<\/p>\n\n\n\n<p>\u201eYou have to go down with this lady\u201d to do lokales\u00f3w i dalej \u201eit&#8217;s very dangerous to go higher\u201d<\/p>\n\n\n\n<p>\u201eyes, yes, yes\u201d lokalesi t\u0119po kiwaj\u0105 g\u0142owami<\/p>\n\n\n\n<p>wi\u0119c zaczynamy mow\u0119 od nowa, tym razem zwracaj\u0105c si\u0119 do dziewczyny, ale wcze\u015bniej pytamy<\/p>\n\n\n\n<p>\u201ewhere are you from ?\u201d (wiemy, ale wolimy sprawdzi\u0107 czy ona wie)<\/p>\n\n\n\n<p>\u201ehow old are you ?\u201d (tego nie wiemy i pytamy z babskiej ciekawo\u015bci)<\/p>\n\n\n\n<p>Dziewczyna zrobi\u0142a niezupe\u0142nie przytomny grymas, kt\u00f3ry jak nale\u017ca\u0142o si\u0119 domy\u015bli\u0107 mia\u0142 by\u0107 u\u015bmiechem, ale odpowiada\u0142a w miar\u0119 rzeczowo na pytania. Na zako\u0144czenie wcisn\u0119\u0142y\u015bmy jej do buzi glukardiamid (nie protestowa\u0142a, r\u00f3wnie dobrze mog\u0142y\u015bmy jej wcisn\u0105\u0107 kok\u0119). Id\u0105c dalej w kierunku Berlina patrzy\u0142y\u015bmy co zrobi to towarzystwo, siedzieli w tym samym miejscu gdzie ich zostawili\u015bmy, a potem znikn\u0119li nam z oczu.<\/p>\n\n\n\n<p>Grup\u0119 chi\u0144sk\u0105 spotka\u0142 nast\u0119pnego dnia Micha\u0142. Pr\u00f3bowa\u0142 wyprzedzi\u0107 ich przed szczytem, ale po tym jak niewiele brakowa\u0142o \u017ceby jeden z Chi\u0144czyk\u00f3w zsun\u0105\u0142 si\u0119 z w\u0105skiego trawersu, podda\u0142 si\u0119, przysypiaj\u0105c przy okazji kilka razy po drodze. W ko\u0144cu zrezygnowany pod\u0105\u017cy\u0142 za nimi, wyklinaj\u0105c w duchu, \u017ce zepsuli mu styl i czas wej\u015bcia na szczyt. Na szczycie znalaz\u0142a si\u0119 wi\u0119c grupa chi\u0144ska i Micha\u0142, kt\u00f3ry musia\u0142 sw\u00f3j czas pobytu na wierzcho\u0142ku Pag\u00f3ra przeznaczy\u0107 na robienie zdj\u0119\u0107. Chi\u0144czycy ustawili si\u0119 obok s\u0142ynnego krzy\u017ca, Micha\u0142 robi\u0142 im foty, a potem Chi\u0144czycy wyci\u0105gn\u0119li krzy\u017c i machaj\u0105c nim rado\u015bnie na wszystkie strony poprosili Micha\u0142a o nast\u0119pn\u0105 porcj\u0119 fot. Kolejn\u0105 osob\u0105, kt\u00f3ra spotka\u0142a Chi\u0144czyk\u00f3w by\u0142 Max. By\u0142o to ju\u017c poni\u017cej szczytu. Scena opowiedziana przez Maxa: Chi\u0144czycy siedz\u0105 w szeregu, przed nimi stoi przyw\u00f3dca z butl\u0105 tlenu, ka\u017cdy po kolei otwiera buzi\u0119 i dostaje po dwa \u0142yki tlenu. Po tym jak ostatni ko\u0144czy, przyw\u00f3dca podchodzi do pierwszego w szeregu i zaczyna si\u0119 nast\u0119pna kolejka. Nie uda\u0142o nam si\u0119 ustali\u0107 czy \u201enasza\u201dChinka by\u0142a z nimi, Micha\u0142 opowiada\u0142, \u017ce widzia\u0142 w grupie Chink\u0119, kt\u00f3ra schodzi\u0142a ze szczytu na kolanach a potem by\u0142a sprowadzana na linie, ale mo\u017ce to by\u0142a inna Chinka&#8230;..<\/p>\n\n\n\n<p><strong>Coler \u2013 szczyt \u2013 Nido, \u015broda, czwartek (17.02.)<\/strong><\/p>\n\n\n\n<p>Rano R. nawi\u0105za\u0142 \u0142\u0105czno\u015b\u0107 z grup\u0105 szturmow\u0105, jest niespokojny, bo wszyscy wyszli za p\u00f3\u017ano. Zamiast wyj\u015b\u0107 oko\u0142o 6.00 wyszli po 8.00. A Micha\u0142 z Piotrem jeszcze siedz\u0105 w Colerze. Dzi\u015b my (druga grupa szturmowa) pakujemy si\u0119 na nocleg do Colera. Agnieszka ma problem, bo w nocy p\u0119k\u0142o jej jakie\u015b naczynko w oku i na bia\u0142ym tle wida\u0107 wyra\u017anie czerwon\u0105 plamk\u0119. R. m\u00f3wi \u017ce jest to niebezpieczne, \u017ce to przez wysoko\u015b\u0107 i ci\u015bnienie i \u017ce spotka\u0142 si\u0119 w Himalajach z takim przypadkiem (facet przesta\u0142 widzie\u0107 na jedno oko) i radzi Agnieszce \u017ceby zrezygnowa\u0142a z wchodzenia na szczyt, ale \u017ceby si\u0119 ostatecznie upewni\u0107 to powinna p\u00f3j\u015b\u0107 do lekarza, kt\u00f3ry ma dy\u017cur w namiocie rangers\u00f3w. Agnieszka pyta mnie co ma robi\u0107. Nie wiem, bo nigdy nie s\u0142ysza\u0142am o takim przypadku, decyzja jest trudna, Agnieszka wprawdzie wolniej chodzi, ale jest zaaklimatyzowana i czuje si\u0119 ca\u0142kiem dobrze. W namiocie rangers\u00f3w dowiaduje si\u0119, \u017ce lekarza dy\u017curuj\u0105cego nie ma, bo \u015bci\u0105ga kolejne zw\u0142oki z Colera. To info ostatecznie przes\u0105dzi\u0142o o decyzji Agnieszki. Nie idzie dalej. \u017begnamy si\u0119, Agnieszka schodzi w d\u00f3\u0142 do Mulas ja id\u0119 do g\u00f3ry razem z Januszem, Staszkiem, Romkiem i Kanadyjczykiem, R. ma jutro i\u015b\u0107 na szczyt prosto z Nido i gdzie\u015b po drodze nas dogoni\u0107. Wysz\u0142am ostatnia, po dw\u00f3ch trawersach dogoni\u0142am ch\u0142opak\u00f3w. Janusz chce schodzi\u0107, czuje si\u0119 s\u0142abo i m\u00f3wi, \u017ce rezygnuje z dalszej akcji. Szkoda, mia\u0142am nadziej\u0119, \u017ce w Nido odzyska si\u0142y i p\u00f3jdzie dalej, ale tu ka\u017cdy samodzielnie podejmuje decyzje. Tym razem ja zapomnia\u0142am o termosie, wi\u0119c Janusz daje mi sw\u00f3j (drugi jest w Colerze) a potem idzie na d\u00f3\u0142. Zostajemy w czw\u00f3rk\u0119 i w tym sk\u0142adzie docieramy do dw\u00f3jki. W obozie sprawdzamy co zosta\u0142o w namiotach po grupie szturmowej i z lekk\u0105 panik\u0105 odkrywam, \u017ce nikt z nas nie zabra\u0142 z do\u0142u gazu. S\u0105 palniki, wzi\u0119li\u015bmy jedzenie, ale nikt nie pomy\u015bla\u0142 o gazie. Zbieram wszystkie butle i zastanawiam si\u0119 czy to wystarczy \u017ceby natopi\u0107 \u015bniegu na dzisiejszy wiecz\u00f3r i na atak szczytowy (ka\u017cdy powinien jutro mie\u0107 po 2 litry herbaty). Romek proponuje, \u017ce b\u0119dzie topi\u0107 \u015bnieg w \u015brodku w namiocie (w przedsionku za mocno wia\u0142o), w ten spos\u00f3b zu\u017cyjemy mniej gazu. I gdy tak kombinujemy schodz\u0105 pierwsi z grupy szturmowej \u2013 Micha\u0142 i za chwil\u0119 Piotr, byli na szczycie i chc\u0105 pi\u0107. A poniewa\u017c spragnionych napoi\u0107 trzeba, wi\u0119c Romek zwi\u0119ksza produkcj\u0119 wody. Potem schodzi Aga, Andrzej i Max. Wszyscy wyko\u0144czeni i te\u017c chc\u0105 pi\u0107 (andyjskie powietrze jest strasznie suche). Aga m\u00f3wi, \u017ce ca\u0142a droga jest cholernie wyczerpuj\u0105ca, ale jutro mam si\u0119 nie poddawa\u0107 tylko i\u015b\u0107 z nastawieniem, \u017ce da si\u0119 to zrobi\u0107 (tzn wej\u015b\u0107 na szczyt Pag\u00f3ra). Pogody nie mieli najlepszej, na trawersie przed Canalett\u0105 bardzo wia\u0142o, trudno by\u0142o oddycha\u0107 i wszystkich zatyka\u0142o. W mi\u0119dzyczasie odezwa\u0142 si\u0119 Rysiek, zapyta\u0142 o nazwiska os\u00f3b, kt\u00f3re wesz\u0142y na szczyt (info o grupie szturmowej na stronie Patagonii by\u0142o od razu, szkoda, \u017ce o nas nic R. nie napisa\u0142, zrobi\u0142a si\u0119 nerwowa atmosfera, bo nikt nie wiedzia\u0142 co si\u0119 dzia\u0142o z nami przez trzy dni). Jako ostatni zeszli Tomek i Mariusz, ch\u0142opaki wycofa\u0142y si\u0119 po przej\u015bciu Canaletty, czyli niewiele brakowa\u0142o ju\u017c do szczytu (bali si\u0119, \u017ce zabraknie im si\u0142y na zej\u015bcie i zrezygnowali), ale jutro chc\u0105 spr\u00f3bowa\u0107 jeszcze raz. Mariusz jest lekko odwodniony, prosz\u0119 go \u017ceby si\u0119 nie rusza\u0142 z miejsca i id\u0119 po gastrolit. Podziwiam ich, \u017ce w przy takim zm\u0119czeniu chc\u0105 jeszcze raz pr\u00f3bowa\u0107, ale wiem, \u017ce s\u0105 zdeterminowani i zale\u017cy im na wej\u015bciu na Pag\u00f3r &#8211; w czerwcu jad\u0105 na Mc Kinleya.<\/p>\n\n\n\n<figure class=\"wp-block-image size-large is-resized\"><img loading=\"lazy\" decoding=\"async\" src=\"https:\/\/siewspina.pl\/wp-content\/uploads\/2022\/01\/DSCN0680-1024x768.jpg\" alt=\"\" class=\"wp-image-466\" width=\"840\" height=\"630\" srcset=\"https:\/\/siewspina.pl\/wp-content\/uploads\/2022\/01\/DSCN0680-1024x768.jpg 1024w, https:\/\/siewspina.pl\/wp-content\/uploads\/2022\/01\/DSCN0680-300x225.jpg 300w, https:\/\/siewspina.pl\/wp-content\/uploads\/2022\/01\/DSCN0680-768x576.jpg 768w, https:\/\/siewspina.pl\/wp-content\/uploads\/2022\/01\/DSCN0680-1536x1152.jpg 1536w, https:\/\/siewspina.pl\/wp-content\/uploads\/2022\/01\/DSCN0680-2048x1536.jpg 2048w, https:\/\/siewspina.pl\/wp-content\/uploads\/2022\/01\/DSCN0680-120x90.jpg 120w\" sizes=\"auto, (max-width: 840px) 100vw, 840px\" \/><figcaption><em>Coler po raz trzeci, fot. Ania<\/em><\/figcaption><\/figure>\n\n\n\n<figure class=\"wp-block-image size-large is-resized\"><img loading=\"lazy\" decoding=\"async\" src=\"https:\/\/siewspina.pl\/wp-content\/uploads\/2022\/01\/DSCN0683-1024x768.jpg\" alt=\"\" class=\"wp-image-467\" width=\"840\" height=\"630\" srcset=\"https:\/\/siewspina.pl\/wp-content\/uploads\/2022\/01\/DSCN0683-1024x768.jpg 1024w, https:\/\/siewspina.pl\/wp-content\/uploads\/2022\/01\/DSCN0683-300x225.jpg 300w, https:\/\/siewspina.pl\/wp-content\/uploads\/2022\/01\/DSCN0683-768x576.jpg 768w, https:\/\/siewspina.pl\/wp-content\/uploads\/2022\/01\/DSCN0683-1536x1152.jpg 1536w, https:\/\/siewspina.pl\/wp-content\/uploads\/2022\/01\/DSCN0683-2048x1536.jpg 2048w, https:\/\/siewspina.pl\/wp-content\/uploads\/2022\/01\/DSCN0683-120x90.jpg 120w\" sizes=\"auto, (max-width: 840px) 100vw, 840px\" \/><figcaption><em>Widok z Colera na drog\u0119 w kierunku szczytu, fot. Ania<\/em><\/figcaption><\/figure>\n\n\n\n<p>Noc jest bardzo zimna, \u0142aduj\u0119 si\u0119 do \u015bpiwora ubrana w kurtk\u0119 z polaru, kurtk\u0119 goretexow\u0105, dwie pary grubych skarpet, botki puchowe, spodnie polarowe (to wszystko za\u0142o\u017cone na \u201edrug\u0105 sk\u00f3r\u0119\u201d czyli bielizn\u0119 termoaktywn\u0105) czapk\u0119 i r\u0119kawiczki, do \u015brodka pakuj\u0119 dwa termosy z gor\u0105c\u0105 herbat\u0105- zostawione poza nie wytrzyma\u0142yby do rana (gazu na szcz\u0119\u015bcie wystarczy\u0142o na to ca\u0142e gotowanie), aparat fotograficzny, baterie i czo\u0142\u00f3wk\u0119. Ledwo sama si\u0119 tam mieszcz\u0119. Staszek, m\u00f3j towarzysz z namiotu, m\u00f3wi \u017ce zaprasza mnie na kolacj\u0119, brzmi to tak groteskowo, \u017ce obydwoje wybuchamy \u015bmiechem (Staszek w ka\u017cdej sytuacji potrafi roz\u0142adowa\u0107 z\u0142\u0105 atmosfer\u0119 ja np. m\u00f3wi\u0119 \u017ce \u201ejestem wkurzona na maxa\u201d a on \u201ena Maxa? A co on z\u0142ego Ci zrobi\u0142 ?\u201d) Na kolacj\u0119 serwujemy sobie liofila, ale po zalaniu woda tak szybko stygnie (w namiocie musi by\u0107 grubo ponad -10 stopni), \u017ce liofil nie ma szans nap\u0119cznie\u0107, chrupie nam okrutnie w z\u0119bach, wi\u0119c w ko\u0144cu rezygnujemy z tej wykwintnej kolacji i pr\u00f3bujemy zasn\u0105\u0107 na tych na sze\u015bciu tysi\u0105cach metr\u00f3w. \u201eBudzik\u201d nastawiamy na 5.00.<\/p>\n\n\n\n<p><strong>\u015awit.<\/strong> Spakowa\u0142am si\u0119 wieczorem, wi\u0119c po szybkim \u015bniadaniu, zak\u0142adam wszystkie puchy na siebie, Millety i raki, smaruj\u0119 kremami i jestem gotowa do wyj\u015bcia. Po 6.00 do Colera z Nido przyszed\u0142 Rysiek. Wychodzimy ok. 6.30. Jest zimno, ale nie wieje, zapowiada si\u0119 \u0142adny dzie\u0144. Na pocz\u0105tku idziemy wszyscy razem. Kanadyjczyk narzeka, \u017ce r\u0119ce mu marzn\u0105, wi\u0119c daj\u0119 mu ogrzewacze do r\u0105k, kt\u00f3re wsuwa w \u0142apawice (wzi\u0119\u0142am ca\u0142y zapas). Potem Staszek, Romek i Kanadyjczyk zostaj\u0105 w tyle, ja id\u0119 z Tomkiem i Mariuszem, w ko\u0144cu ju\u017c tylko z Tomkiem, bo Mariusz te\u017c zosta\u0142 z ty\u0142u (m\u00f3wi, \u017ce bol\u0105 go p\u0142uca i \u017ce chyba b\u0119dzie schodzi\u0107). Idzie mi si\u0119 dobrze i nawet nie wiem kiedy dochodzimy do Independencii na 6370. Robimy post\u00f3j kiedy przychodzi Rysiek. Tempo i kondycj\u0119 ma niesamowit\u0105. Poruszanie si\u0119 w tych warunkach nie sprawia mu \u017cadnych trudno\u015bci. Rysiek m\u00f3wi, \u017ce mamy bardzo dobry czas (jest 9.00) i na ponad 90% mamy szans\u0119 \u017ceby wej\u015b\u0107 na szczyt. Reszta zrezygnowa\u0142a, wi\u0119c zostajemy w dw\u00f3jk\u0119 (ja i Tomek, Mariusz zadecydowa\u0142, \u017ce schodzi) i Rysiek. Ca\u0142y czas jest stromo, ale po \u015bniegu w rakach idzie si\u0119 bez problemu, za Independenci\u0105 podej\u015bcie robi si\u0119 jeszcze bardziej wymagaj\u0105ce, potem jest trawers, d\u0142ugi, monotonny i paskudny, \u017cadnych zakos\u00f3w, niby p\u0142asko, ale ca\u0142y czas pod g\u00f3r\u0119 a\u017c do ska\u0142y pod Canalett\u0105. Tu idzie mi si\u0119 \u017ale, musz\u0119 robi\u0107 co chwil\u0119 przerw\u0119 na z\u0142apanie oddechu. Id\u0119 i my\u015bl\u0119 o tym, \u017ce ju\u017c dzisiaj sko\u0144czy si\u0119 to dreptanie pod g\u00f3r\u0119, \u017ce jeszcze tylko kilka godzin zosta\u0142o do szczytu i \u017ce tam dojd\u0119. My\u015bl\u0119 jeszcze o tym, ze mam znie\u015b\u0107 kamyk z g\u00f3ry, \u017ce obieca\u0142am, ale najcz\u0119\u015bciej nic nie my\u015bl\u0119 (to wychodzi mi najlepiej). Pod ska\u0142\u0105 (6660m) robimy chwil\u0119 przerwy. Ludzie siedz\u0105 tu zazwyczaj bardzo d\u0142ugo, ale z Ry\u015bkiem taki numer nie ma szans. Ledwo zd\u0105\u017cy\u0142am si\u0119 napi\u0107 herbaty i \u0142ykn\u0105\u0107 \u017cel energetyczny a ju\u017c trzeba i\u015b\u0107 dalej, od tego miejsca na lekko (oko\u0142o 1,5 godziny do szczytu), bo pod ska\u0142\u0105 zostawili\u015bmy plecaki (tak robi wi\u0119kszo\u015b\u0107 os\u00f3b, ka\u017cdy kilogram wy\u017cej to niepotrzebne obci\u0105\u017cenie utrudniaj\u0105ce wej\u015bcie na szczyt).<\/p>\n\n\n\n<figure class=\"wp-block-image size-large is-resized\"><img loading=\"lazy\" decoding=\"async\" src=\"https:\/\/siewspina.pl\/wp-content\/uploads\/2022\/01\/DSCN0688-1024x768.jpg\" alt=\"\" class=\"wp-image-470\" width=\"840\" height=\"630\" srcset=\"https:\/\/siewspina.pl\/wp-content\/uploads\/2022\/01\/DSCN0688-1024x768.jpg 1024w, https:\/\/siewspina.pl\/wp-content\/uploads\/2022\/01\/DSCN0688-300x225.jpg 300w, https:\/\/siewspina.pl\/wp-content\/uploads\/2022\/01\/DSCN0688-768x576.jpg 768w, https:\/\/siewspina.pl\/wp-content\/uploads\/2022\/01\/DSCN0688-1536x1152.jpg 1536w, https:\/\/siewspina.pl\/wp-content\/uploads\/2022\/01\/DSCN0688-2048x1536.jpg 2048w, https:\/\/siewspina.pl\/wp-content\/uploads\/2022\/01\/DSCN0688-120x90.jpg 120w\" sizes=\"auto, (max-width: 840px) 100vw, 840px\" \/><figcaption><em>\u015awit, w drodze na szczyt, fot. Ania<\/em><\/figcaption><\/figure>\n\n\n\n<figure class=\"wp-block-image size-large\"><img loading=\"lazy\" decoding=\"async\" width=\"1024\" height=\"768\" src=\"https:\/\/siewspina.pl\/wp-content\/uploads\/2022\/01\/DSCN0694-1024x768.jpg\" alt=\"\" class=\"wp-image-471\" srcset=\"https:\/\/siewspina.pl\/wp-content\/uploads\/2022\/01\/DSCN0694-1024x768.jpg 1024w, https:\/\/siewspina.pl\/wp-content\/uploads\/2022\/01\/DSCN0694-300x225.jpg 300w, https:\/\/siewspina.pl\/wp-content\/uploads\/2022\/01\/DSCN0694-768x576.jpg 768w, https:\/\/siewspina.pl\/wp-content\/uploads\/2022\/01\/DSCN0694-1536x1152.jpg 1536w, https:\/\/siewspina.pl\/wp-content\/uploads\/2022\/01\/DSCN0694-2048x1536.jpg 2048w, https:\/\/siewspina.pl\/wp-content\/uploads\/2022\/01\/DSCN0694-120x90.jpg 120w\" sizes=\"auto, (max-width: 1024px) 100vw, 1024px\" \/><\/figure>\n\n\n\n<figure class=\"wp-block-image size-large is-resized\"><img loading=\"lazy\" decoding=\"async\" src=\"https:\/\/siewspina.pl\/wp-content\/uploads\/2022\/01\/DSCN0706-1024x768.jpg\" alt=\"\" class=\"wp-image-472\" width=\"840\" height=\"630\" srcset=\"https:\/\/siewspina.pl\/wp-content\/uploads\/2022\/01\/DSCN0706-1024x768.jpg 1024w, https:\/\/siewspina.pl\/wp-content\/uploads\/2022\/01\/DSCN0706-300x225.jpg 300w, https:\/\/siewspina.pl\/wp-content\/uploads\/2022\/01\/DSCN0706-768x576.jpg 768w, https:\/\/siewspina.pl\/wp-content\/uploads\/2022\/01\/DSCN0706-1536x1152.jpg 1536w, https:\/\/siewspina.pl\/wp-content\/uploads\/2022\/01\/DSCN0706-2048x1536.jpg 2048w, https:\/\/siewspina.pl\/wp-content\/uploads\/2022\/01\/DSCN0706-120x90.jpg 120w\" sizes=\"auto, (max-width: 840px) 100vw, 840px\" \/><figcaption><em>  trawers, d\u0142ugi, monotonny i paskudny, \u017cadnych zakos\u00f3w, niby p\u0142asko, ale ca\u0142y czas pod g\u00f3r\u0119 a\u017c do ska\u0142y pod Canalett\u0105, fot. Ania <\/em><\/figcaption><\/figure>\n\n\n\n<p>O \u017blebie Canaletta we wszystkich relacjach mo\u017cna przeczyta\u0107, \u017ce jest trudny, nieprzyjemny i \u017ce jest najgorszym odcinkiem na ca\u0142ym Pag\u00f3rze. Nikt nie napisa\u0142, \u017ce jest to r\u00f3wnocze\u015bnie naj\u0142adniejszy odcinek drogi. Po prawej stronie przewieszona ska\u0142a o ciep\u0142ym pomara\u0144czowym zabarwieniu, po lewej piargi, kt\u00f3re ko\u0144cz\u0105 si\u0119 dopiero pod szczytem. Warunki w \u017clebie by\u0142y bardzo dobre \u2013 zmro\u017cony \u015bnieg i przetarty szlak. Dla mnie du\u017co mniej m\u0119cz\u0105cy (psychicznie) by\u0142 ten odcinek w por\u00f3wnaniu z trawersami. Ostatni odcinek przed szczytem to te\u017c trawers biegn\u0105cy troch\u0119 poni\u017cej grani (stok stromy, trzeba uwa\u017ca\u0107 \u017ceby nie polecie\u0107 w d\u00f3\u0142), dwa kroki, pi\u0119\u0107 wdech\u00f3w i wydech\u00f3w, ostatnie metry \u2013 kilka krok\u00f3w w skale i szczyt Pag\u00f3ra, pozbawiony \u015bniegu, szeroki i p\u0142aski. Dwa krzy\u017ce i widok na po\u0142udniow\u0105 \u015bcian\u0119 Aconcaguy. Widoczno\u015b\u0107 bardzo dobra (dzie\u0144 wcze\u015bniej grupa szturmowa mia\u0142a gorsz\u0105 pogod\u0119). Wesz\u0142am wolno, ale mia\u0142am wi\u0119kszy zapas si\u0142 w por\u00f3wnaniu chocia\u017cby z Blankiem. Na szczycie byli\u015bmy sami. By\u0142o przed 15.00, wi\u0119c wej\u015bcie z Colera zaj\u0119\u0142o nam oko\u0142o 8 godzin. Potem wszed\u0142 Rafa\u0142, kt\u00f3ry poprosi\u0142 mnie o zrobienie kilku zdj\u0119\u0107 (o tym, \u017ce to Rafa\u0142 dowiedzia\u0142am si\u0119 dopiero w Puente del Inca). Mia\u0142am ochot\u0119 posiedzie\u0107 tam d\u0142u\u017cej (by\u0142o dosy\u0107 ciep\u0142o i nie wia\u0142o), ale Rysiek zarz\u0105dzi\u0142 po 15 minutach odwr\u00f3t. Po drodze do Colera nie zrobili\u015bmy \u017cadnego postoju, ja sz\u0142am wolniej, wi\u0119c ch\u0142opaki co jaki\u015b czas sprawdza\u0142y co si\u0119 ze mn\u0105 dzieje. W pewnym momencie, na prostym odcinku, nogi zapl\u0105ta\u0142y si\u0119 jedna o drug\u0105 i&#8230;. ryms w \u015bnieg. Nie pami\u0119tam \u017cebym kiedykolwiek by\u0142a tak potwornie zm\u0119czona jak podczas tego zej\u015bcia. Rysiek bez przerwy pogania\u0142, ba\u0142 si\u0119, \u017ce nie zd\u0105\u017cymy zwin\u0105\u0107 namiotu w Colerze i zej\u015b\u0107 do Nido. W Colerze byli\u015bmy oko\u0142o 18, tu te\u017c nie by\u0142o czasu \u017ceby odsapn\u0105\u0107, zwin\u0119li\u015bmy namiot i to co w nim zosta\u0142o (pozosta\u0142e namioty znios\u0142y ch\u0142opaki wcze\u015bniej) i p\u0119dem do Nido. W Nido pusto, bo wszyscy zeszli do Mulas. By\u0142 tylko Kanadyjczyk, kt\u00f3ry z bli\u017cej niewyja\u015bnionych powod\u00f3w tu zosta\u0142. Wzi\u0119\u0142am od Ry\u015bka termos z ciep\u0142\u0105 wod\u0105 i zapakowa\u0142am si\u0119 do namiotu i \u015bpiwora. W nocy by\u0142o jeszcze zimniej ni\u017c zazwyczaj, bo spa\u0142am (pr\u00f3bowa\u0142am) sama w trzyosobowym namiocie, ale to ju\u017c nie mia\u0142o wi\u0119kszego znaczenia.<\/p>\n\n\n\n<figure class=\"wp-block-image size-large\"><img loading=\"lazy\" decoding=\"async\" width=\"1024\" height=\"768\" src=\"https:\/\/siewspina.pl\/wp-content\/uploads\/2022\/01\/DSCN0715-1024x768.jpg\" alt=\"\" class=\"wp-image-473\" srcset=\"https:\/\/siewspina.pl\/wp-content\/uploads\/2022\/01\/DSCN0715-1024x768.jpg 1024w, https:\/\/siewspina.pl\/wp-content\/uploads\/2022\/01\/DSCN0715-300x225.jpg 300w, https:\/\/siewspina.pl\/wp-content\/uploads\/2022\/01\/DSCN0715-768x576.jpg 768w, https:\/\/siewspina.pl\/wp-content\/uploads\/2022\/01\/DSCN0715-1536x1152.jpg 1536w, https:\/\/siewspina.pl\/wp-content\/uploads\/2022\/01\/DSCN0715-2048x1536.jpg 2048w, https:\/\/siewspina.pl\/wp-content\/uploads\/2022\/01\/DSCN0715-120x90.jpg 120w\" sizes=\"auto, (max-width: 1024px) 100vw, 1024px\" \/><figcaption><em>po\u0142udniowa \u015bciana Aconcaguy, fot. Ania<\/em><\/figcaption><\/figure>\n\n\n\n<figure class=\"wp-block-image size-large\"><img loading=\"lazy\" decoding=\"async\" width=\"1024\" height=\"768\" src=\"https:\/\/siewspina.pl\/wp-content\/uploads\/2022\/01\/DSCN0726-1024x768.jpg\" alt=\"\" class=\"wp-image-474\" srcset=\"https:\/\/siewspina.pl\/wp-content\/uploads\/2022\/01\/DSCN0726-1024x768.jpg 1024w, https:\/\/siewspina.pl\/wp-content\/uploads\/2022\/01\/DSCN0726-300x225.jpg 300w, https:\/\/siewspina.pl\/wp-content\/uploads\/2022\/01\/DSCN0726-768x576.jpg 768w, https:\/\/siewspina.pl\/wp-content\/uploads\/2022\/01\/DSCN0726-1536x1152.jpg 1536w, https:\/\/siewspina.pl\/wp-content\/uploads\/2022\/01\/DSCN0726-2048x1536.jpg 2048w, https:\/\/siewspina.pl\/wp-content\/uploads\/2022\/01\/DSCN0726-120x90.jpg 120w\" sizes=\"auto, (max-width: 1024px) 100vw, 1024px\" \/><figcaption>&#8230;<em> dwa kroki, pi\u0119\u0107 wdech\u00f3w i wydech\u00f3w, ostatnie metry \u2013 kilka krok\u00f3w w skale i szczyt Pag\u00f3ra, pozbawiony \u015bniegu, szeroki i p\u0142aski<\/em> <\/figcaption><\/figure>\n\n\n\n<p><strong>Zej\u015bcie do Mulas, pi\u0105tek<\/strong><\/p>\n\n\n\n<p>Ranek. Dotykam twarzy. Co\u015b wyra\u017anie jest nie tak. Patrz\u0119 w lusterko i&#8230;.. przez chwile \u017ca\u0142uj\u0119, \u017ce nie ma tu \u017cadnych Afryka\u0144czyk\u00f3w. W konkursie na najwi\u0119ksze usta \u015bwiata wygra\u0142abym g\u0142\u00f3wn\u0105 nagrod\u0119 (ewentualnie mog\u0142abym te\u017c straszy\u0107 staruszki stoj\u0105ce w kolejce w przychodni). Okolice mi\u0119dzy ustami a nosem nie wygl\u0105da\u0142y lepiej (no tak, przez to ca\u0142e tempo, posmarowa\u0142am si\u0119 tylko raz &#8211; podczas wej\u015bcia). Afryka\u0144czyk\u00f3w nie by\u0142o, staruszek te\u017c nie, wi\u0119c wychodz\u0119 z zamiarem postraszenia pozosta\u0142ych. Na szcz\u0119\u015bcie nie by\u0142o czasu na takie dyrdyma\u0142y jak moja spalona twarz, trzeba by\u0142o spakowa\u0107 kolejny ob\u00f3z. Zabrali\u015bmy si\u0119 do pracy &#8211; g\u0142\u00f3wnie Tomek i ja, potem do\u0142\u0105czy\u0142 si\u0119 Rysiek (Kanadyjczyk nie by\u0142 entuzjast\u0105 \u017cycia obozowego). Zwin\u0119li\u015bmy 4 namioty, kt\u00f3re znie\u015bli tragarze. I w d\u00f3\u0142. Plecak napchany do granic mo\u017cliwo\u015bci i jeszcze mn\u00f3stwo \u201edrobiazg\u00f3w\u201d podoczepianych na zewn\u0105trz (przyda\u0142 si\u0119 pokrowiec). Schodz\u0119 sama, Tomek z Ry\u015bkiem pognali szybciej, Kanadyjczyk zosta\u0142 gdzie\u015b w tyle. Bol\u0105 mnie palce (paznokie\u0107 odpad\u0142 w zesz\u0142ym tygodniu), wi\u0119c schodz\u0119 bokiem metod\u0105 \u201eprzek\u0142adanki\u201d na zmian\u0119 z \u201edok\u0142adank\u0105\u201d a\u017c do Mulas. W mi\u0119dzyczasie zacz\u0105\u0142 pada\u0107 \u015bnieg. Szykuje si\u0119 kolejne za\u0142amanie pogody, wykorzystali\u015bmy wi\u0119c idealnie okno pogodowe na wej\u015bcie na szczyt. Kilka grup wchodzi do g\u00f3ry, a ja si\u0119 ciesz\u0119, \u017ce ju\u017c nie musz\u0119.<\/p>\n\n\n\n<figure class=\"wp-block-image size-large is-resized\"><img loading=\"lazy\" decoding=\"async\" src=\"https:\/\/siewspina.pl\/wp-content\/uploads\/2022\/01\/DSCN0729-1024x768.jpg\" alt=\"\" class=\"wp-image-476\" width=\"840\" height=\"630\" srcset=\"https:\/\/siewspina.pl\/wp-content\/uploads\/2022\/01\/DSCN0729-1024x768.jpg 1024w, https:\/\/siewspina.pl\/wp-content\/uploads\/2022\/01\/DSCN0729-300x225.jpg 300w, https:\/\/siewspina.pl\/wp-content\/uploads\/2022\/01\/DSCN0729-768x576.jpg 768w, https:\/\/siewspina.pl\/wp-content\/uploads\/2022\/01\/DSCN0729-1536x1152.jpg 1536w, https:\/\/siewspina.pl\/wp-content\/uploads\/2022\/01\/DSCN0729-2048x1536.jpg 2048w, https:\/\/siewspina.pl\/wp-content\/uploads\/2022\/01\/DSCN0729-120x90.jpg 120w\" sizes=\"auto, (max-width: 840px) 100vw, 840px\" \/><figcaption><em>Droga powrotna z Nido do bazy, fot. Ania<\/em><\/figcaption><\/figure>\n\n\n\n<figure class=\"wp-block-image size-full is-resized\"><img loading=\"lazy\" decoding=\"async\" src=\"https:\/\/siewspina.pl\/wp-content\/uploads\/2022\/01\/IMG_1112.jpg\" alt=\"\" class=\"wp-image-477\" width=\"849\" height=\"637\" srcset=\"https:\/\/siewspina.pl\/wp-content\/uploads\/2022\/01\/IMG_1112.jpg 1024w, https:\/\/siewspina.pl\/wp-content\/uploads\/2022\/01\/IMG_1112-300x225.jpg 300w, https:\/\/siewspina.pl\/wp-content\/uploads\/2022\/01\/IMG_1112-768x576.jpg 768w, https:\/\/siewspina.pl\/wp-content\/uploads\/2022\/01\/IMG_1112-120x90.jpg 120w\" sizes=\"auto, (max-width: 849px) 100vw, 849px\" \/><figcaption><em>Ostatnie kroki przed baz\u0105, fot. Aga J.<\/em><\/figcaption><\/figure>\n\n\n\n<p>Z Agnieszkami uczci\u0142y\u015bmy nasz\u0105 walk\u0119 z Pag\u00f3rem przy pomocy piersi\u00f3wki, usta piek\u0142y, ale co tam&#8230;.<\/p>\n\n\n\n<p><strong>Dolina Horcones, sobota<\/strong><\/p>\n\n\n\n<p>To mia\u0142a by\u0107 przyjemna wycieczka urokliw\u0105 Dolin\u0105 po dobrze spe\u0142nionym zadaniu. By\u0142a koszmarem, gorszym od wej\u015bcia na szczyt. Powodem by\u0142a bli\u017cej niesklasyfikowana jednostka chorobowa (zemsta za atrap\u0119). Drastycznych szczeg\u00f3\u0142\u00f3w oszcz\u0119dz\u0119. Napisz\u0119 tylko, \u017ce poni\u017cej Confluencii zacz\u0119\u0142o regularnie la\u0107 a mi by\u0142o ju\u017c wszystko jedno (czy leje si\u0119 na mnie czy ze mnie), przesta\u0142am te\u017c zwraca\u0107 uwag\u0119 na skurcze my\u015bl\u0105c ze z\u0142o\u015bliw\u0105 satysfakcj\u0105, \u017ce przecie\u017c n\u0119dzna fizjologia nie mo\u017ce mie\u0107 wi\u0119kszego wp\u0142ywu na m\u00f3j m\u00f3zg. Najcudowniejszym miejscem w Puenta del Inca by\u0142a pewna obskurna toaleta, kt\u00f3r\u0105 dopad\u0142am po wypiciu wina i oleju (doktor Agnes zaordynowa\u0142a :).<\/p>\n\n\n\n<figure class=\"wp-block-image size-large\"><img loading=\"lazy\" decoding=\"async\" width=\"1024\" height=\"768\" src=\"https:\/\/siewspina.pl\/wp-content\/uploads\/2022\/01\/DSCN0736-1024x768.jpg\" alt=\"\" class=\"wp-image-479\" srcset=\"https:\/\/siewspina.pl\/wp-content\/uploads\/2022\/01\/DSCN0736-1024x768.jpg 1024w, https:\/\/siewspina.pl\/wp-content\/uploads\/2022\/01\/DSCN0736-300x225.jpg 300w, https:\/\/siewspina.pl\/wp-content\/uploads\/2022\/01\/DSCN0736-768x576.jpg 768w, https:\/\/siewspina.pl\/wp-content\/uploads\/2022\/01\/DSCN0736-1536x1152.jpg 1536w, https:\/\/siewspina.pl\/wp-content\/uploads\/2022\/01\/DSCN0736-2048x1536.jpg 2048w, https:\/\/siewspina.pl\/wp-content\/uploads\/2022\/01\/DSCN0736-120x90.jpg 120w\" sizes=\"auto, (max-width: 1024px) 100vw, 1024px\" \/><figcaption><em>Pakowanie i droga przez Dolin\u0119 Horcones, fot. Ania<\/em><\/figcaption><\/figure>\n\n\n\n<figure class=\"wp-block-image size-large\"><img loading=\"lazy\" decoding=\"async\" width=\"1024\" height=\"768\" src=\"https:\/\/siewspina.pl\/wp-content\/uploads\/2022\/01\/DSCN0754-1024x768.jpg\" alt=\"\" class=\"wp-image-480\" srcset=\"https:\/\/siewspina.pl\/wp-content\/uploads\/2022\/01\/DSCN0754-1024x768.jpg 1024w, https:\/\/siewspina.pl\/wp-content\/uploads\/2022\/01\/DSCN0754-300x225.jpg 300w, https:\/\/siewspina.pl\/wp-content\/uploads\/2022\/01\/DSCN0754-768x576.jpg 768w, https:\/\/siewspina.pl\/wp-content\/uploads\/2022\/01\/DSCN0754-1536x1152.jpg 1536w, https:\/\/siewspina.pl\/wp-content\/uploads\/2022\/01\/DSCN0754-2048x1536.jpg 2048w, https:\/\/siewspina.pl\/wp-content\/uploads\/2022\/01\/DSCN0754-120x90.jpg 120w\" sizes=\"auto, (max-width: 1024px) 100vw, 1024px\" \/><\/figure>\n\n\n\n<figure class=\"wp-block-image size-large\"><img loading=\"lazy\" decoding=\"async\" width=\"1024\" height=\"768\" src=\"https:\/\/siewspina.pl\/wp-content\/uploads\/2022\/01\/DSCN0760-1024x768.jpg\" alt=\"\" class=\"wp-image-481\" srcset=\"https:\/\/siewspina.pl\/wp-content\/uploads\/2022\/01\/DSCN0760-1024x768.jpg 1024w, https:\/\/siewspina.pl\/wp-content\/uploads\/2022\/01\/DSCN0760-300x225.jpg 300w, https:\/\/siewspina.pl\/wp-content\/uploads\/2022\/01\/DSCN0760-768x576.jpg 768w, https:\/\/siewspina.pl\/wp-content\/uploads\/2022\/01\/DSCN0760-1536x1152.jpg 1536w, https:\/\/siewspina.pl\/wp-content\/uploads\/2022\/01\/DSCN0760-2048x1536.jpg 2048w, https:\/\/siewspina.pl\/wp-content\/uploads\/2022\/01\/DSCN0760-120x90.jpg 120w\" sizes=\"auto, (max-width: 1024px) 100vw, 1024px\" \/><\/figure>\n\n\n\n<figure class=\"wp-block-image size-large\"><img loading=\"lazy\" decoding=\"async\" width=\"1024\" height=\"768\" src=\"https:\/\/siewspina.pl\/wp-content\/uploads\/2022\/01\/DSCN0769-1024x768.jpg\" alt=\"\" class=\"wp-image-482\" srcset=\"https:\/\/siewspina.pl\/wp-content\/uploads\/2022\/01\/DSCN0769-1024x768.jpg 1024w, https:\/\/siewspina.pl\/wp-content\/uploads\/2022\/01\/DSCN0769-300x225.jpg 300w, https:\/\/siewspina.pl\/wp-content\/uploads\/2022\/01\/DSCN0769-768x576.jpg 768w, https:\/\/siewspina.pl\/wp-content\/uploads\/2022\/01\/DSCN0769-1536x1152.jpg 1536w, https:\/\/siewspina.pl\/wp-content\/uploads\/2022\/01\/DSCN0769-2048x1536.jpg 2048w, https:\/\/siewspina.pl\/wp-content\/uploads\/2022\/01\/DSCN0769-120x90.jpg 120w\" sizes=\"auto, (max-width: 1024px) 100vw, 1024px\" \/><\/figure>\n\n\n\n<figure class=\"wp-block-image size-large is-resized\"><img loading=\"lazy\" decoding=\"async\" src=\"https:\/\/siewspina.pl\/wp-content\/uploads\/2022\/01\/DSCN0776-768x1024.jpg\" alt=\"\" class=\"wp-image-483\" width=\"769\" height=\"1025\" srcset=\"https:\/\/siewspina.pl\/wp-content\/uploads\/2022\/01\/DSCN0776-768x1024.jpg 768w, https:\/\/siewspina.pl\/wp-content\/uploads\/2022\/01\/DSCN0776-225x300.jpg 225w, https:\/\/siewspina.pl\/wp-content\/uploads\/2022\/01\/DSCN0776-1152x1536.jpg 1152w, https:\/\/siewspina.pl\/wp-content\/uploads\/2022\/01\/DSCN0776-1536x2048.jpg 1536w, https:\/\/siewspina.pl\/wp-content\/uploads\/2022\/01\/DSCN0776-scaled.jpg 1920w\" sizes=\"auto, (max-width: 769px) 100vw, 769px\" \/><figcaption><em>Moje ju\u017c ca\u0142kiem rozpadni\u0119te buty po przej\u015bciu Doliny Horcones, fot. Ania<\/em><\/figcaption><\/figure>\n\n\n\n<p><strong>Wilk Stepowy i inni<\/strong><\/p>\n\n\n\n<p>Pag\u00f3r jest w pewnym sensie \u201epolsk\u0105 g\u00f3r\u0105\u201d, szczeg\u00f3lnie w lutym, kiedy permit jest ta\u0144szy w por\u00f3wnaniu z permitem styczniowym. Spotkali\u015bmy tu wi\u0119kszo\u015b\u0107 polskich agencji organizuj\u0105cych wyjazdy na Anc\u0119. By\u0142y r\u00f3wnie\u017c grupy, kt\u00f3re przyjecha\u0142y samodzielnie (np. Aga spotka\u0142a znajomych, z kt\u00f3rymi by\u0142a na Blancu, przyjechali w grupie czteroosobowej, wszyscy weszli na szczyt). Byli te\u017c samotnicy jak Wilk Stepowy, kt\u00f3rego pozna\u0142am w Colerze. Wilk Stepowy mia\u0142 na imi\u0119 Tomek i na wysoko\u015bci 6000m w goreteksie (my w puchach) wygl\u0105da\u0142 na turyst\u0119 w Tatrach w okresie wiosennym. Tomek wcze\u015bniej przez trzy miesi\u0105ce podr\u00f3\u017cowa\u0142 sam po Ameryce Po\u0142udniowej i na koniec zrobi\u0142 sobie wycieczk\u0119 na Pag\u00f3r. Na szczyt wszed\u0142, min\u0119li\u015bmy si\u0119 w Canalecie, szed\u0142 bez kijk\u00f3w, co strasznie zez\u0142o\u015bci\u0142o Ry\u015bka, kt\u00f3ry burkn\u0105\u0142 pod nosem, \u017ce to niebezpieczne i \u017ce g\u0142upota. Tomek sam wni\u00f3s\u0142 wszystko do bazy (50kg na plecach przez 36 km) a potem zni\u00f3s\u0142, plecak wa\u017cy\u0142 niewiele mniej, bo zamiast jedzenia, ni\u00f3s\u0142 na d\u00f3\u0142 \u015bmieci (nam ta przyjemno\u015b\u0107 odpad\u0142a, agencja Aconcagua Trek za\u0142atwi\u0142a spraw\u0119). Drugim spotkanym samotnikiem by\u0142 Rafa\u0142. Po dw\u00f3ch godzinach wyg\u0142up\u00f3w w barze w Puente del Inca wpadli\u015bmy na to, \u017ce spotkali\u015bmy si\u0119 na szczycie i ja mu zrobi\u0142am zdj\u0119cia przy s\u0142ynnym krzy\u017cu (\u201eaaaaa&#8230;.to ty mi zrobi\u0142a\u015b te beznadziejne foty\u201d). Aga spotka\u0142a ch\u0142opaka, z kt\u00f3rym by\u0142a gdzie\u015b na innej g\u00f3rze, r\u00f3wnie\u017c chcia\u0142 sam wej\u015b\u0107 na Pag\u00f3r, ale czeka\u0142 na ta\u0144szy permit (poza sezonem) i czekaj\u0105c zatrudni\u0142 si\u0119 w barze, w kt\u00f3rym jedli\u015bmy, ucz\u0105c si\u0119 przy okazji hiszpa\u0144skiego. Zaserwowa\u0142 nam pyszne empanadas jako przystawk\u0119 przed lomo \ud83d\ude42<\/p>\n\n\n\n<p><strong>Jemy, \u015bpimy i pijemy<\/strong><\/p>\n\n\n\n<p>Rysiek z Puente pojecha\u0142 do Santiago ogl\u0105da\u0107 zawody szachowe, a my nad ocean do Vina del Mar.<\/p>\n\n\n\n<figure class=\"wp-block-image size-large is-resized\"><img loading=\"lazy\" decoding=\"async\" src=\"https:\/\/siewspina.pl\/wp-content\/uploads\/2022\/01\/DSCN0783-1024x768.jpg\" alt=\"\" class=\"wp-image-485\" width=\"839\" height=\"629\" srcset=\"https:\/\/siewspina.pl\/wp-content\/uploads\/2022\/01\/DSCN0783-1024x768.jpg 1024w, https:\/\/siewspina.pl\/wp-content\/uploads\/2022\/01\/DSCN0783-300x225.jpg 300w, https:\/\/siewspina.pl\/wp-content\/uploads\/2022\/01\/DSCN0783-768x576.jpg 768w, https:\/\/siewspina.pl\/wp-content\/uploads\/2022\/01\/DSCN0783-1536x1152.jpg 1536w, https:\/\/siewspina.pl\/wp-content\/uploads\/2022\/01\/DSCN0783-2048x1536.jpg 2048w, https:\/\/siewspina.pl\/wp-content\/uploads\/2022\/01\/DSCN0783-120x90.jpg 120w\" sizes=\"auto, (max-width: 839px) 100vw, 839px\" \/><figcaption><em> w drodze nad ocean do Vina del Mar, fot. Ania<\/em><\/figcaption><\/figure>\n\n\n\n<p>Sp\u0119dzili\u015bmy tam 4 dni. Jedynym problem by\u0142o znalezienie (tu\u017c po \u015bniadaniu, kt\u00f3re ko\u0144czyli\u015bmy o 12.00 tamtejszego czasu) odpowiedniej knajpy gdzie mo\u017cna by\u0142o zje\u015b\u0107 dobry obiad i deser (w jednej kultowej stali\u015bmy 3 godziny w kolejce, czekaj\u0105c a\u017c pani wywo\u0142a z listy nasze nazwiska), a po obiedzie (przyjecha\u0142am 3 kg ci\u0119\u017csza) udawali\u015bmy si\u0119 na poszukiwanie dobrej knajpy gdzie mo\u017cna by\u0142o si\u0119 dobrze napi\u0107 (chilijskie wina podbi\u0142y nasze serca). Pr\u00f3bowali\u015bmy te\u017c \u017cu\u0107 li\u015bcie koki, po kt\u00f3rych j\u0119zyk dr\u0119twia\u0142. I to by\u0142oby na tyle&#8230;&#8230;.<\/p>\n\n\n\n<figure class=\"wp-block-image size-large is-resized\"><img loading=\"lazy\" decoding=\"async\" src=\"http:\/\/siewspina.pl\/wp-content\/uploads\/2021\/03\/22-kopia-903x1024.jpg\" alt=\"\" class=\"wp-image-176\" width=\"580\" height=\"657\" srcset=\"https:\/\/siewspina.pl\/wp-content\/uploads\/2021\/03\/22-kopia-903x1024.jpg 903w, https:\/\/siewspina.pl\/wp-content\/uploads\/2021\/03\/22-kopia-265x300.jpg 265w, https:\/\/siewspina.pl\/wp-content\/uploads\/2021\/03\/22-kopia-768x871.jpg 768w, https:\/\/siewspina.pl\/wp-content\/uploads\/2021\/03\/22-kopia-1355x1536.jpg 1355w, https:\/\/siewspina.pl\/wp-content\/uploads\/2021\/03\/22-kopia-1806x2048.jpg 1806w\" sizes=\"auto, (max-width: 580px) 100vw, 580px\" \/><figcaption><em>nasz niezawodny babski team Aconcagua 2011<\/em><\/figcaption><\/figure>\n\n\n\n<p><\/p>\n","protected":false},"excerpt":{"rendered":"<p>W zesz\u0142ym miesi\u0105cu min\u0119\u0142a 10 rocznica mojego wyjazdu w Andy. Niezapomniane wra\u017cenia do dzi\u015b pozostaj\u0105 jak \u017cywe. By\u0142a to jedna&hellip;<\/p>\n","protected":false},"author":1,"featured_media":0,"comment_status":"open","ping_status":"open","sticky":false,"template":"","format":"standard","meta":{"footnotes":""},"categories":[8,14],"tags":[],"class_list":["post-134","post","type-post","status-publish","format-standard","hentry","category-teksty-archiwalne-z-lat-2009-2019","category-wspomnienia"],"_links":{"self":[{"href":"https:\/\/siewspina.pl\/index.php?rest_route=\/wp\/v2\/posts\/134","targetHints":{"allow":["GET"]}}],"collection":[{"href":"https:\/\/siewspina.pl\/index.php?rest_route=\/wp\/v2\/posts"}],"about":[{"href":"https:\/\/siewspina.pl\/index.php?rest_route=\/wp\/v2\/types\/post"}],"author":[{"embeddable":true,"href":"https:\/\/siewspina.pl\/index.php?rest_route=\/wp\/v2\/users\/1"}],"replies":[{"embeddable":true,"href":"https:\/\/siewspina.pl\/index.php?rest_route=%2Fwp%2Fv2%2Fcomments&post=134"}],"version-history":[{"count":77,"href":"https:\/\/siewspina.pl\/index.php?rest_route=\/wp\/v2\/posts\/134\/revisions"}],"predecessor-version":[{"id":497,"href":"https:\/\/siewspina.pl\/index.php?rest_route=\/wp\/v2\/posts\/134\/revisions\/497"}],"wp:attachment":[{"href":"https:\/\/siewspina.pl\/index.php?rest_route=%2Fwp%2Fv2%2Fmedia&parent=134"}],"wp:term":[{"taxonomy":"category","embeddable":true,"href":"https:\/\/siewspina.pl\/index.php?rest_route=%2Fwp%2Fv2%2Fcategories&post=134"},{"taxonomy":"post_tag","embeddable":true,"href":"https:\/\/siewspina.pl\/index.php?rest_route=%2Fwp%2Fv2%2Ftags&post=134"}],"curies":[{"name":"wp","href":"https:\/\/api.w.org\/{rel}","templated":true}]}}