{"id":117,"date":"2021-02-18T12:55:54","date_gmt":"2021-02-18T11:55:54","guid":{"rendered":"http:\/\/siewspina.pl\/?p=117"},"modified":"2021-12-29T19:08:30","modified_gmt":"2021-12-29T18:08:30","slug":"sniezka-w-stylu-himalajskim","status":"publish","type":"post","link":"https:\/\/siewspina.pl\/?p=117","title":{"rendered":"Karkonosze 2021. \u015anie\u017cka w stylu himalajskim"},"content":{"rendered":"\n<p>12 lutego 2021 (12.02.2021) zapowiada\u0142 si\u0119 w nocy na \u015anie\u017cce obiecuj\u0105co. Mocny wiatr (70km\/h) , mr\u00f3z (-15\u00b0C), opady \u015bniegu. Ekipa zebra\u0142a si\u0119 w sk\u0142adzie nast\u0119puj\u0105cym: Ma\u0142gosia, Ada, \u0141apa, Gnegon, Kuba, Jacek i ja.<\/p>\n\n\n\n<figure class=\"wp-block-image size-large\"><img loading=\"lazy\" decoding=\"async\" width=\"1024\" height=\"576\" src=\"http:\/\/siewspina.pl\/wp-content\/uploads\/2021\/02\/signal-2021-02-13-002850_resized_20210217_095252302-1024x576.jpg\" alt=\"\" class=\"wp-image-118\" srcset=\"https:\/\/siewspina.pl\/wp-content\/uploads\/2021\/02\/signal-2021-02-13-002850_resized_20210217_095252302-1024x576.jpg 1024w, https:\/\/siewspina.pl\/wp-content\/uploads\/2021\/02\/signal-2021-02-13-002850_resized_20210217_095252302-300x169.jpg 300w, https:\/\/siewspina.pl\/wp-content\/uploads\/2021\/02\/signal-2021-02-13-002850_resized_20210217_095252302-768x432.jpg 768w, https:\/\/siewspina.pl\/wp-content\/uploads\/2021\/02\/signal-2021-02-13-002850_resized_20210217_095252302-1536x864.jpg 1536w, https:\/\/siewspina.pl\/wp-content\/uploads\/2021\/02\/signal-2021-02-13-002850_resized_20210217_095252302-540x304.jpg 540w, https:\/\/siewspina.pl\/wp-content\/uploads\/2021\/02\/signal-2021-02-13-002850_resized_20210217_095252302-1140x641.jpg 1140w, https:\/\/siewspina.pl\/wp-content\/uploads\/2021\/02\/signal-2021-02-13-002850_resized_20210217_095252302.jpg 2016w\" sizes=\"auto, (max-width: 1024px) 100vw, 1024px\" \/><\/figure>\n\n\n\n<p>Wyruszyli\u015bmy z Karpacza czarnym szlakiem (\u015alaska Droga) oko\u0142o godziny 21:00 w ramach akcji \u201eExpress G\u00fcnter\u201d*. Wyposa\u017ceni byli\u015bmy w raczki (ka\u017cdy, opr\u00f3cz Ma\u0142gosi, kt\u00f3ra mia\u0142a w plecaku raki), dwie pary kijk\u00f3w, czo\u0142\u00f3wki, termosy z ciep\u0142\u0105 herbat\u0105. Osobi\u015bcie wzi\u0119\u0142am dwie kurtki puchowe, dwie pary \u0142apawic puchowych, ze trzy pary r\u0119kawiczek stretchowych i jedne \u0142apawice os\u0142aniaj\u0105ce te stretchowe, kominiark\u0119 (nie licz\u0105c czapki) oraz gogle. Za\u0142o\u017cy\u0142am na siebie dwie pary getr\u00f3w (termoaktywne oraz z we\u0142ny merynosa), spodnie z membran\u0105, stuptuty,dwie koszulki z we\u0142ny merynosa i kurtk\u0119 goretexow\u0105. Na himalajsk\u0105 zim\u0119 w Karkonoszach powinno wystarczy\u0107. W lesie by\u0142o zimno, ale zacisznie. Dwie osoby schodzi\u0142y, poza tym nikogo nie spotkali\u015bmy. \u015anieg t\u0142umi\u0142 wszelkie odg\u0142osy. Szlak czarny pnie si\u0119 pod mocnym k\u0105tem, wi\u0119c wkr\u00f3tce po rozpocz\u0119ciu marszu za\u0142o\u017cyli\u015bmy raczki. Po przekroczeniu linii lasu musieli\u015bmy torowa\u0107 drog\u0119, poniewa\u017c szlak by\u0142 nieprzetarty i miejscami \u015bnieg nawiany by\u0142 do wysoko\u015bci kolan. Poczuli\u015bmy uderzenie wiatru. Padaj\u0105cy \u015bnieg by\u0142 powodem s\u0142abej widoczno\u015bci. Musieli\u015bmy si\u0119 trzyma\u0107 blisko tyczek, \u017ceby nie zgubi\u0107 szlaku. Na wysoko\u015bci g\u00f3rnej stacji kolejki wyci\u0105gu narciarskiego zacz\u0119\u0142o si\u0119 piek\u0142o. Wiatr by\u0142 coraz mocniejszy i coraz trudniej by\u0142o utrzyma\u0107 si\u0119 w pozycji pionowej. Jeszcze gorzej by\u0142o po wej\u015bciu na R\u00f3wni\u0119. \u015anieg ci\u0105\u0142 po twarzach, przenikliwe zimno p\u0119dzi\u0142o nas w kierunku Domu \u015al\u0105skiego, nie pozwalaj\u0105c na chwil\u0119 wytchnienia. Zatrzymywanie si\u0119 by\u0142o niemo\u017cliwie, poniewa\u017c ka\u017cdy post\u00f3j powodowa\u0142 natychmiastowe wych\u0142odzenie si\u0119 organizmu. Dom \u015al\u0105ski by\u0142 zamkni\u0119ty albo nie trafili\u015bmy na odpowiednie drzwi, te otwarte. Zacz\u0119li\u015bmy zak\u0142ada\u0107 na siebie wszystko co mieli\u015bmy, kul\u0105c si\u0119 z zimna pod \u015bcian\u0105 schroniska, pilnuj\u0105c \u017ceby rzeczy wyci\u0105gane z plecak\u00f3w nie odfrun\u0119\u0142y w dal. Dalsza w\u0119dr\u00f3wka w kierunku szczytu w tych warunkach nie mia\u0142a sensu. Na \u0142a\u0144cuchach wiatr musia\u0142 by\u0107 jeszcze mocniejszy, nie wspominaj\u0105c ju\u017c o niskiej odczuwalnej temperaturze, kt\u00f3ra zapewne by\u0142a na szczycie \u015anie\u017cki (du\u017co ni\u017cszej w por\u00f3wnaniu z t\u0105, ju\u017c i tak bardzo nisk\u0105, na R\u00f3wni pod \u015anie\u017ck\u0105). Podj\u0119li\u015bmy szybk\u0105 decyzj\u0119 o odwrocie, jednomy\u015bln\u0105 i rozs\u0105dn\u0105. Musieli\u015bmy wszyscy schodzi\u0107, nie mogli\u015bmy si\u0119 dzieli\u0107 na grupy, nie mogli\u015bmy nikogo zgubi\u0107. Id\u0105c od tyczki do tyczki, liczy\u0142am i sprawdza\u0142am co chwil\u0119 ile os\u00f3b jest przede mn\u0105. Zatrzymali\u015bmy si\u0119 dopiero w lesie, odetchn\u0119li\u015bmy, popatrzyli\u015bmy na siebie. Ka\u017cdy mia\u0142 zmro\u017con\u0105 twarz i lodowo-\u015bniegow\u0105 skorup\u0119 na ubraniach. Kilka \u0142yk\u00f3w herbaty, kilka zdj\u0119\u0107 i troch\u0119 rado\u015bci, r\u00f3wnie\u017c z tego powodu, \u017ce uda\u0142o si\u0119 zej\u015b\u0107 bez strat. To by\u0142 ten pierwszy raz kiedy zrezygnowa\u0142am z ataku szczytowego. W dodatku wcale nie musia\u0142am daleko wyje\u017cd\u017ca\u0107 \ud83d\ude09 Zimowa \u015anie\u017cka kolejny raz okaza\u0142a si\u0119 porz\u0105dn\u0105 himalajsk\u0105 przygod\u0105 \ud83d\ude42<\/p>\n\n\n\n<figure class=\"wp-block-image size-large\"><img loading=\"lazy\" decoding=\"async\" width=\"1024\" height=\"768\" src=\"http:\/\/siewspina.pl\/wp-content\/uploads\/2021\/02\/signal-2021-02-13-023010_resized_20210217_095535542-1024x768.jpg\" alt=\"\" class=\"wp-image-119\" srcset=\"https:\/\/siewspina.pl\/wp-content\/uploads\/2021\/02\/signal-2021-02-13-023010_resized_20210217_095535542-1024x768.jpg 1024w, https:\/\/siewspina.pl\/wp-content\/uploads\/2021\/02\/signal-2021-02-13-023010_resized_20210217_095535542-300x225.jpg 300w, https:\/\/siewspina.pl\/wp-content\/uploads\/2021\/02\/signal-2021-02-13-023010_resized_20210217_095535542-768x576.jpg 768w, https:\/\/siewspina.pl\/wp-content\/uploads\/2021\/02\/signal-2021-02-13-023010_resized_20210217_095535542-1536x1152.jpg 1536w, https:\/\/siewspina.pl\/wp-content\/uploads\/2021\/02\/signal-2021-02-13-023010_resized_20210217_095535542-120x90.jpg 120w, https:\/\/siewspina.pl\/wp-content\/uploads\/2021\/02\/signal-2021-02-13-023010_resized_20210217_095535542.jpg 2000w\" sizes=\"auto, (max-width: 1024px) 100vw, 1024px\" \/><\/figure>\n\n\n\n<p>* \u201eExpress G\u00fcnter\u201d &#8211; wyprawy nocne, zimowe, na lekko i szybko na \u015anie\u017ck\u0119, coroczne, zainicjowane przez pracow\u0105 ekip\u0119 Jacka. Nazwa \u201eExpress G\u00fcnter\u201d powsta\u0142a na cze\u015b\u0107 G\u00fcntera, jednego z pierwszych jej uczestnik\u00f3w.<\/p>\n\n\n\n<p><\/p>\n\n\n\n<p><\/p>\n\n\n\n<figure class=\"wp-block-image size-large\"><img loading=\"lazy\" decoding=\"async\" width=\"768\" height=\"1024\" src=\"http:\/\/siewspina.pl\/wp-content\/uploads\/2021\/02\/signal-2021-02-13-225926_resized_20210217_095420596-768x1024.jpg\" alt=\"\" class=\"wp-image-120\" srcset=\"https:\/\/siewspina.pl\/wp-content\/uploads\/2021\/02\/signal-2021-02-13-225926_resized_20210217_095420596-768x1024.jpg 768w, https:\/\/siewspina.pl\/wp-content\/uploads\/2021\/02\/signal-2021-02-13-225926_resized_20210217_095420596-225x300.jpg 225w, https:\/\/siewspina.pl\/wp-content\/uploads\/2021\/02\/signal-2021-02-13-225926_resized_20210217_095420596-1152x1536.jpg 1152w, https:\/\/siewspina.pl\/wp-content\/uploads\/2021\/02\/signal-2021-02-13-225926_resized_20210217_095420596.jpg 1512w\" sizes=\"auto, (max-width: 768px) 100vw, 768px\" \/><\/figure>\n\n\n\n<p><\/p>\n","protected":false},"excerpt":{"rendered":"<p>12 lutego 2021 (12.02.2021) zapowiada\u0142 si\u0119 w nocy na \u015anie\u017cce obiecuj\u0105co. Mocny wiatr (70km\/h) , mr\u00f3z (-15\u00b0C), opady \u015bniegu. Ekipa&hellip;<\/p>\n","protected":false},"author":1,"featured_media":0,"comment_status":"open","ping_status":"open","sticky":false,"template":"","format":"standard","meta":{"footnotes":""},"categories":[16],"tags":[],"class_list":["post-117","post","type-post","status-publish","format-standard","hentry","category-tu-i-teraz"],"_links":{"self":[{"href":"https:\/\/siewspina.pl\/index.php?rest_route=\/wp\/v2\/posts\/117","targetHints":{"allow":["GET"]}}],"collection":[{"href":"https:\/\/siewspina.pl\/index.php?rest_route=\/wp\/v2\/posts"}],"about":[{"href":"https:\/\/siewspina.pl\/index.php?rest_route=\/wp\/v2\/types\/post"}],"author":[{"embeddable":true,"href":"https:\/\/siewspina.pl\/index.php?rest_route=\/wp\/v2\/users\/1"}],"replies":[{"embeddable":true,"href":"https:\/\/siewspina.pl\/index.php?rest_route=%2Fwp%2Fv2%2Fcomments&post=117"}],"version-history":[{"count":5,"href":"https:\/\/siewspina.pl\/index.php?rest_route=\/wp\/v2\/posts\/117\/revisions"}],"predecessor-version":[{"id":267,"href":"https:\/\/siewspina.pl\/index.php?rest_route=\/wp\/v2\/posts\/117\/revisions\/267"}],"wp:attachment":[{"href":"https:\/\/siewspina.pl\/index.php?rest_route=%2Fwp%2Fv2%2Fmedia&parent=117"}],"wp:term":[{"taxonomy":"category","embeddable":true,"href":"https:\/\/siewspina.pl\/index.php?rest_route=%2Fwp%2Fv2%2Fcategories&post=117"},{"taxonomy":"post_tag","embeddable":true,"href":"https:\/\/siewspina.pl\/index.php?rest_route=%2Fwp%2Fv2%2Ftags&post=117"}],"curies":[{"name":"wp","href":"https:\/\/api.w.org\/{rel}","templated":true}]}}