{"id":1119,"date":"2023-09-17T23:18:11","date_gmt":"2023-09-17T21:18:11","guid":{"rendered":"https:\/\/siewspina.pl\/?p=1119"},"modified":"2023-09-18T22:32:39","modified_gmt":"2023-09-18T20:32:39","slug":"tatry-2023-pierwsze-tatrzanskie-granie","status":"publish","type":"post","link":"https:\/\/siewspina.pl\/?p=1119","title":{"rendered":"TATRY 2023. Pierwsze tatrza\u0144skie granie"},"content":{"rendered":"\n<p>Zamiary by\u0142y zupe\u0142nie inne. Zatem szybkie prze\u0142o\u017cenie plan\u00f3w, kto, kiedy i jaki cel i\u2026 witajcie ponownie Tatry. 2 dni \u201ei jeste\u015bmy tam, gdzie mieli\u015bmy by\u0107\u201d. Teraz w planie<\/p>\n\n\n\n<p><strong>PLANY<\/strong><\/p>\n\n\n\n<p>-\u015arodkowe \u017bebro (Skrajny Granat) i<\/p>\n\n\n\n<p>-Lewi wrze\u015bniacy (Zamar\u0142a turnia),<\/p>\n\n\n\n<p>drogi kursowe, rekomendowane przez Tomka Klisia w WKW Wroc\u0142aw prawie r\u00f3wny rok temu (czyli lato 2022). Dodatkowo, w dzie\u0144 wyjazdu, sugerowane przez naszych Nieformalnych Zaufanych Doradc\u00f3w, Marka, potem jeszcze Andrzeja.<\/p>\n\n\n\n<div class=\"wp-block-image is-style-rounded\"><figure class=\"aligncenter size-full\"><img loading=\"lazy\" decoding=\"async\" width=\"375\" height=\"667\" src=\"https:\/\/siewspina.pl\/wp-content\/uploads\/2023\/09\/14720.jpg\" alt=\"\" class=\"wp-image-1138\" srcset=\"https:\/\/siewspina.pl\/wp-content\/uploads\/2023\/09\/14720.jpg 375w, https:\/\/siewspina.pl\/wp-content\/uploads\/2023\/09\/14720-169x300.jpg 169w\" sizes=\"auto, (max-width: 375px) 100vw, 375px\" \/><\/figure><\/div>\n\n\n\n<p><strong>PO\u017bYCZONA LINA<\/strong><\/p>\n\n\n\n<p>Na dzie\u0144 przed wyjazdem: aha, nie mamy liny po\u0142\u00f3wkowej (Eva upomina\u0142a mnie wcze\u015bniej, co prawda, ale kto by tam pami\u0119ta\u0142, wiemy, \u017ce nie przywi\u0105zuj\u0119 wagi do drobiazg\u00f3w). Co teraz: szybkie kupowanie bez namys\u0142u; telefon do przyjaciela \u201epo\u017cycz lin\u0119\u201d (po\u017cycz lin\u0119????! jak prosi\u0107 o lin\u0119, wszyscy wiedz\u0105, \u017ce liny si\u0119 nie po\u017cycza!); czy te\u017c po\u017cyczenie w Zakopanem. Ok, telefon do przyjaciela: NAM po\u017cyczy.<\/p>\n\n\n\n<div class=\"wp-block-image\"><figure class=\"aligncenter size-large is-resized\"><img loading=\"lazy\" decoding=\"async\" src=\"https:\/\/siewspina.pl\/wp-content\/uploads\/2023\/09\/lina-spi-w-lozeczku-768x1024.jpeg\" alt=\"\" class=\"wp-image-1120\" width=\"482\" height=\"642\" srcset=\"https:\/\/siewspina.pl\/wp-content\/uploads\/2023\/09\/lina-spi-w-lozeczku-768x1024.jpeg 768w, https:\/\/siewspina.pl\/wp-content\/uploads\/2023\/09\/lina-spi-w-lozeczku-225x300.jpeg 225w, https:\/\/siewspina.pl\/wp-content\/uploads\/2023\/09\/lina-spi-w-lozeczku-1152x1536.jpeg 1152w, https:\/\/siewspina.pl\/wp-content\/uploads\/2023\/09\/lina-spi-w-lozeczku.jpeg 1200w\" sizes=\"auto, (max-width: 482px) 100vw, 482px\" \/><figcaption> dbamy o lin\u0119 z czu\u0142o\u015bci\u0105<\/figcaption><\/figure><\/div>\n\n\n\n<p>Dzie\u0144 1.<\/p>\n\n\n\n<div class=\"wp-block-image\"><figure class=\"aligncenter size-full is-resized\"><img loading=\"lazy\" decoding=\"async\" src=\"https:\/\/siewspina.pl\/wp-content\/uploads\/2023\/09\/14752.jpg\" alt=\"\" class=\"wp-image-1141\" width=\"210\" height=\"280\" srcset=\"https:\/\/siewspina.pl\/wp-content\/uploads\/2023\/09\/14752.jpg 384w, https:\/\/siewspina.pl\/wp-content\/uploads\/2023\/09\/14752-225x300.jpg 225w\" sizes=\"auto, (max-width: 210px) 100vw, 210px\" \/><figcaption>&#8220;dzie\u0144 jak co dzie\u0144&#8221;<\/figcaption><\/figure><\/div>\n\n\n\n<p>Rano: dzie\u0144 jak co dzie\u0144 w Tatrach (Evie nasuwa si\u0119 skojarzenie z drog\u0105 do szko\u0142y, d\u0142ug\u0105 i nu\u017c\u0105c\u0105, w nadziei, \u017ce b\u0119dzie ciekawie), wczesna pobudka podej\u015bcie Ku\u017anice-Murowaniec, dooko\u0142a Czarnego Stawu, gdzie ludzi rozgadanych t\u0142um, w lewo \u017c\u00f3\u0142tym tip topkami do g\u00f3ry, potem ze szlaku \u015bcie\u017ck\u0105 w prawo, rzucaj\u0105c okiem na Gra\u0144 Fajek. Rozwa\u017camy te\u017c fakt, \u017ce musisz tyle czasu i\u015b\u0107 po\u2026 nagrod\u0119, tj. na chwil\u0119 wspinu. Przed nami ze 3 zespo\u0142y, cieszymy si\u0119, b\u0119dzie \u0142atwiej analizowa\u0107 drog\u0119, nie pogubi\u0107 si\u0119. W pierwszych odcinkach decydujemy si\u0119 na lotn\u0105 (nasz ulubiony, bo szybki, spos\u00f3b w l\u017cejszym terenie). W drugiej cz\u0119\u015bci walcz\u0119 z przelotem, Eva dokupi\u0142a nowe, wi\u0119c ich nie znam, walcz\u0119 d\u0142ugo, w s\u0142o\u0144cu, bezskutecznie. Pytam uprzejmego zespo\u0142u, czy przypadkiem nie idzie z nimi instruktor (s\u0105 we trzech). Owszem. Pr\u00f3buj\u0119 si\u0119 dowiedzie\u0107, czy to mo\u017cliwe, aby friend m\u00f3g\u0142 si\u0119 zaklinowa\u0107, w tej sekundzie zwraca moj\u0105 uwag\u0119 po\u0142amany plastik, nie, to nie jest Evy, zmieniam pytanie, czy to mo\u017cliwe, \u017ce to friend z ery lodowcowej. Zgadza si\u0119, jest tu od lat. Instruktor \u0142agodnie, by\u0107 mo\u017ce z politowaniem, u\u015bmiecha si\u0119 (to by\u0142by sukces, gdybym go wyszarpa\u0142a! Tzn. frienda, nie instruktora, instruktor macha do nas przyja\u017anie po wszystkim w Murowa\u0144cu, a ja m\u00f3wi\u0119 &#8220;Eva, kto\u015b do Ciebie macha&#8221; nie poznaj\u0105c przystojniaka przez zamglone zm\u0119czeniem oczy). Ko\u0144czymy pionem, nie myl\u0105c \u015bcie\u017cki, objadaj\u0105c si\u0119 batonikami i syc\u0105c widokami. Schodzimy \u015bcie\u017ck\u0105. \u017badnych niespodzianek. Bana\u0142, je\u015bli wspomnie\u0107 Hulental (nasze wsp\u00f3lne pierwsze, w\u00f3wczas przygody).<\/p>\n\n\n\n<p><strong>CZAS- \u015arodkowe \u017bebro (Skrajny granat)<\/strong><\/p>\n\n\n\n<p>Podej\u015bcie 4h, gra\u0144 3 h, zej\u015bcie z przerw\u0105 w Murowa\u0144cu (czekamy na Trzeciego do kompletu) 4 h.<\/p>\n\n\n\n<p>Prowadzi: Eva.<\/p>\n\n\n\n<div class=\"wp-block-image\"><figure class=\"aligncenter size-full is-resized\"><img loading=\"lazy\" decoding=\"async\" src=\"https:\/\/siewspina.pl\/wp-content\/uploads\/2023\/09\/14739-rotated.jpg\" alt=\"\" class=\"wp-image-1134\" width=\"411\" height=\"308\" srcset=\"https:\/\/siewspina.pl\/wp-content\/uploads\/2023\/09\/14739-rotated.jpg 512w, https:\/\/siewspina.pl\/wp-content\/uploads\/2023\/09\/14739-300x225.jpg 300w, https:\/\/siewspina.pl\/wp-content\/uploads\/2023\/09\/14739-120x90.jpg 120w\" sizes=\"auto, (max-width: 411px) 100vw, 411px\" \/><\/figure><\/div>\n\n\n\n<p>Dzie\u0144 2.<\/p>\n\n\n\n<p>Mimo porady Marka, aby na pierwszy wsp\u00f3lny raz wybra\u0107 Lewych wrze\u015bniak\u00f3w na Zamar\u0142ej Turni, zmieni\u0142y\u015bmy zdanie, chc\u0105c eksplorowa\u0107 nadal ten ledwo co napocz\u0119ty rejon Granat\u00f3w, a zatem Gra\u0144 Fajek. Wg przewodnika od Andrzeja (&#8220;Topografia i terenoznawstwo&#8221;) \u2013 czas 1-2h.&nbsp;<\/p>\n\n\n\n<p>Przed nami zesp\u00f3\u0142, w kt\u00f3rym ch\u0142opak uczy dziewczyn\u0119, tak\u017ce zjazd\u00f3w. Za nami zesp\u00f3\u0142, kt\u00f3ry dyskutuje wulgarnie ustalaj\u0105c, jak ma by\u0107 stanowisko, co mnie rozprasza.&nbsp; Na wszelki wypadek pytam Ev\u0119 o zgod\u0119, czy mog\u0119 przeklina\u0107, Eva zgadza si\u0119 na wszystko, tak\u017ce na p\u0142acz, awantury, stupor, byle do przodu. Ostatecznie nie korzystam z tych dost\u0119pnych \u015brodk\u00f3w &#8220;autoregulacji&#8221;. Dziwimy si\u0119, gdy\u017c droga zajmuje nam 4h.<\/p>\n\n\n\n<div class=\"wp-block-image\"><figure class=\"aligncenter size-full is-resized\"><img loading=\"lazy\" decoding=\"async\" src=\"https:\/\/siewspina.pl\/wp-content\/uploads\/2023\/09\/obraz.png\" alt=\"\" class=\"wp-image-1121\" width=\"648\" height=\"487\" srcset=\"https:\/\/siewspina.pl\/wp-content\/uploads\/2023\/09\/obraz.png 499w, https:\/\/siewspina.pl\/wp-content\/uploads\/2023\/09\/obraz-300x225.png 300w, https:\/\/siewspina.pl\/wp-content\/uploads\/2023\/09\/obraz-120x90.png 120w\" sizes=\"auto, (max-width: 648px) 100vw, 648px\" \/><\/figure><\/div>\n\n\n\n<p>&nbsp;Ale d\u0142uga droga ko\u0144czy si\u0119 w zamian moim powodem do wspinania, czyli zjazdem.<\/p>\n\n\n\n<div class=\"wp-block-image\"><figure class=\"aligncenter size-full is-resized\"><img loading=\"lazy\" decoding=\"async\" src=\"https:\/\/siewspina.pl\/wp-content\/uploads\/2023\/09\/obraz-1.png\" alt=\"\" class=\"wp-image-1122\" width=\"604\" height=\"806\" srcset=\"https:\/\/siewspina.pl\/wp-content\/uploads\/2023\/09\/obraz-1.png 577w, https:\/\/siewspina.pl\/wp-content\/uploads\/2023\/09\/obraz-1-225x300.png 225w\" sizes=\"auto, (max-width: 604px) 100vw, 604px\" \/><figcaption>zjazdy s\u0105 nagrod\u0105 za d\u0142ugie i ci\u0119\u017ckie podej\u015bcia i d\u0142ugie wspinaczki<\/figcaption><\/figure><\/div>\n\n\n\n<p><strong>CZAS- GRA\u0143 FAJEK <\/strong>&#8211; podej\u015bcie 4h, gra\u0144 4h, ko\u0144czymy o 17.00 zej\u015bcie 4h- 12 h na nogach.<\/p>\n\n\n\n<p>Prowadzi: Eva.<\/p>\n\n\n\n<p><\/p>\n\n\n\n<p>Obie drogi poprowadzi\u0142a Eva w ca\u0142o\u015bci, ja wci\u0105\u017c mam niedostatki w manipulacji sprz\u0119tem, postanawiam to zmieni\u0107, mimo \u017ce nigdy nie dor\u00f3wnam umiej\u0119tno\u015bciami swojej partnerce.<\/p>\n\n\n\n<p>Przed nami jeszcze czujne zej\u015bcie \u017clebem.&nbsp; Zn\u00f3w wspominamy ten niebywa\u0142y&nbsp; \u201eHulental\u201d\u2026<\/p>\n\n\n\n<p>A w \u017clebie Eva znajduje skarby, opr\u00f3cz sprz\u0105czek z rak\u00f3w, co\u015b tam Blacka Diamonda, jeszcze i to:<\/p>\n\n\n\n<div class=\"wp-block-image\"><figure class=\"aligncenter size-full\"><img loading=\"lazy\" decoding=\"async\" width=\"278\" height=\"371\" src=\"https:\/\/siewspina.pl\/wp-content\/uploads\/2023\/09\/obraz-2.png\" alt=\"\" class=\"wp-image-1123\" srcset=\"https:\/\/siewspina.pl\/wp-content\/uploads\/2023\/09\/obraz-2.png 278w, https:\/\/siewspina.pl\/wp-content\/uploads\/2023\/09\/obraz-2-225x300.png 225w\" sizes=\"auto, (max-width: 278px) 100vw, 278px\" \/><figcaption>znalezisko, mamy nadziej\u0119, \u017ce turysta mia\u0142 zapas<\/figcaption><\/figure><\/div>\n\n\n\n<p>Wracamy do Ku\u017anic na godz. 21,&nbsp; w ciemno\u015bciach, pomimo ciep\u0142a, Eva w puch\u00f3wce, sporo mia\u0142a dzi\u015b na g\u0142owie.<\/p>\n\n\n\n<div class=\"wp-block-image\"><figure class=\"aligncenter size-full\"><img loading=\"lazy\" decoding=\"async\" width=\"605\" height=\"454\" src=\"https:\/\/siewspina.pl\/wp-content\/uploads\/2023\/09\/obraz-3.png\" alt=\"\" class=\"wp-image-1124\" srcset=\"https:\/\/siewspina.pl\/wp-content\/uploads\/2023\/09\/obraz-3.png 605w, https:\/\/siewspina.pl\/wp-content\/uploads\/2023\/09\/obraz-3-300x225.png 300w, https:\/\/siewspina.pl\/wp-content\/uploads\/2023\/09\/obraz-3-120x90.png 120w\" sizes=\"auto, (max-width: 605px) 100vw, 605px\" \/><figcaption>wok\u00f3\u0142 stawu bezg\u0142os i bezczas<\/figcaption><\/figure><\/div>\n\n\n\n<p><strong>ROZKOCHANIE- TATRY<\/strong><\/p>\n\n\n\n<p>Nie wiem, jak to si\u0119 sta\u0142o, ale wr\u00f3ci\u0142am rozkochana w Tatrach. Tak\u0105 miniaturk\u0119 plakatu (powszechnie, ale nie mi, znanego) naby\u0142am w Zakopanem. Idealna. Mira\u017ce \u015bwiat\u0142a, zieleni, g\u00f3r, czego\u015b gro\u017anego, czego\u015b mistycznego i tego, czego nigdy nie dotkniesz. \u017ba\u0142owa\u0142am, \u017ce tym razem moje szlaki nie prowadzi\u0142y do Zamarz\u0142ego Stawu, kt\u00f3ry to widzia\u0142am 2 tygodnie temu, o kt\u00f3rym kto\u015b&nbsp; bardziej oczytany i w Tatrach obeznany, m\u00f3wi\u0142, \u017ce tu zamar\u0142o, zatrzyma\u0142o si\u0119, ma si\u0119 wra\u017cenie, \u017ce on patrzy i bezlito\u015bnie czeka, odmawiaj\u0105c mantr\u0119 i &nbsp;czekaj\u0105c niewzruszenie na nast\u0119pnych, nowych w kolejce do odkrywania \u015bwiata. O stawku <a href=\"https:\/\/pl.wikipedia.org\/wiki\/Micha%C5%82_Ba%C5%82ucki\"><span class=\"has-inline-color has-black-color\">Micha\u0142 Ba\u0142ucki<\/span><\/a> pisa\u0142 w 1865&nbsp;r.: <em>\u201eJest to mo\u017ce najdziksza ustro\u0144 w Tatrach \u2013 wszelkie \u017cycie tu usta\u0142o i zamar\u0142o\u201d (<\/em>wikipedia, dost\u0119p: 17.09.2023)<\/p>\n\n\n\n<p>Jednak\u017ce obchodzi\u0142am dooko\u0142a Staw G\u0105sienicowy, rano pe\u0142en barwnego, rozgadanego, g\u0142o\u015bnego s\u0142o\u0144cem ludzi, i wieczorem, gdy ju\u017c cisza, cisza nad stawem by\u0142a zakleszczona g\u00f3rami wok\u00f3\u0142, daj\u0105c uczucie i przestrzeni i jednocze\u015bnie zamkni\u0119cia w niewidzialnym pude\u0142ku.<\/p>\n\n\n\n<p>W dalekiej oddali s\u0142yszeli\u015bmy jelenie, potem sow\u0119, i to wra\u017cenie, \u017ce wesz\u0142o si\u0119 w ich \u015bwiat, niezas\u0142u\u017cenie i nieproszenie.<\/p>\n\n\n\n<p><strong>LUDZIE<\/strong><\/p>\n\n\n\n<p>W sobot\u0119 kolorowo, g\u0142o\u015bno, t\u0142umnie, nawet my wdrapa\u0142y\u015bmy si\u0119 na kamie\u0144, aby nasz osobisty fotograf, Arek, robi\u0142 nam cierpliwie foty w stylu \u201eD\u017cesiki w g\u00f3rach, jeszcze nie wiedz\u0105, czym to je\u015b\u0107\u201d.<\/p>\n\n\n\n<p>W niedziel\u0119 id\u0119 i id\u0119, i co\u015b si\u0119 zmieni\u0142o. Jest niedziela, niekt\u00f3rzy chyba ju\u017c w drodze powrotnej do domu, zatem na szlaku id\u0105 inni ludzie, w ciszy, powiedzia\u0142abym medytacji, w \u201ecichym, strzelistym\u201d promieniu s\u0142o\u0144ca to odczucie \u015bwi\u0119ta i \u015bwi\u0119to\u015bci. Znacznie p\u00f3\u017aniej drobniutka mama ci\u0105gnie drobniutkiego sze\u015bciolatka, kt\u00f3ry szybciutko przebiera n\u00f3\u017ckami, a mam opowiada mu, dlaczego tu b\u0119dzie \u0142adniej ni\u017c na Babiej G\u00f3rze, a on zaambarasowany biegnie jak kiedy\u015b dzieci bieg\u0142y do szopki bo\u017conarodzeniowej; podziwiam i j\u0105 i synka.<\/p>\n\n\n\n<p><\/p>\n\n\n\n<div class=\"wp-block-image\"><figure class=\"aligncenter size-full is-resized\"><img loading=\"lazy\" decoding=\"async\" src=\"https:\/\/siewspina.pl\/wp-content\/uploads\/2023\/09\/obraz-4.png\" alt=\"\" class=\"wp-image-1125\" width=\"467\" height=\"678\" srcset=\"https:\/\/siewspina.pl\/wp-content\/uploads\/2023\/09\/obraz-4.png 237w, https:\/\/siewspina.pl\/wp-content\/uploads\/2023\/09\/obraz-4-207x300.png 207w\" sizes=\"auto, (max-width: 467px) 100vw, 467px\" \/><figcaption>plakat Ryszard Kaja<\/figcaption><\/figure><\/div>\n\n\n\n<p class=\"has-text-align-center\">Powt\u00f3rz\u0119 za \u0141ukaszem (Tym, Kt\u00f3ry podobno Zrobi\u0142 z<strong>e<\/strong> mnie wspinacza):<\/p>\n\n\n\n<p class=\"has-text-align-center\"><strong>\u201eLubi\u0119 wraca\u0107 z g\u00f3r<\/strong>&#8220;&#8230;<\/p>\n\n\n\n<p>&#8212;&#8212;&#8212;&#8212;&#8212;&#8212;&#8212;&#8212;&#8212;&#8212;&#8212;&#8212;&#8212;&#8212;&#8212;&#8212;&#8212;&#8212;&#8212;&#8212;&#8212;&#8212;&#8212;&#8212;&#8212;&#8212;&#8212;&#8212;&#8212;&#8212;&#8212;&#8212;&#8212;&#8212;&#8212;&#8212;&#8212;&#8212;&#8212;&#8212;&#8212;&#8212;&#8212;&#8211;<\/p>\n\n\n\n<p><\/p>\n\n\n\n<p>Korzysta\u0142y\u015bmy z wielu pomocy w IT, filmik\u00f3w na youtube jak i opis\u00f3w na blogach. <\/p>\n\n\n\n<ul class=\"wp-block-list\"><li>z &#8220;Topografia i terenoznawstwo&#8221; Rafa\u0142 Karda\u015b, Wojciech \u015awi\u0119cicki \/po\u017cyczone od Andrzeja, dost\u0119pne w sieci\/<\/li><\/ul>\n\n\n\n<ul class=\"wp-block-list\"><li>https:\/\/projektyprzygodowe.pl\/gran-fajek\/ <\/li><\/ul>\n\n\n\n<p><\/p>\n\n\n\n<p><\/p>\n\n\n\n<figure class=\"wp-block-embed is-type-video is-provider-youtube wp-block-embed-youtube wp-embed-aspect-16-9 wp-has-aspect-ratio\"><div class=\"wp-block-embed__wrapper\">\n<iframe loading=\"lazy\" title=\"\u015arodkowe \u017bebro (IV \/ V-) - wspinanie na Skrajnym Granacie\" width=\"1140\" height=\"641\" src=\"https:\/\/www.youtube.com\/embed\/dMk8OiPEzlg?feature=oembed\" frameborder=\"0\" allow=\"accelerometer; autoplay; clipboard-write; encrypted-media; gyroscope; picture-in-picture; web-share\" allowfullscreen><\/iframe>\n<\/div><\/figure>\n","protected":false},"excerpt":{"rendered":"<p>Zamiary by\u0142y zupe\u0142nie inne. Zatem szybkie prze\u0142o\u017cenie plan\u00f3w, kto, kiedy i jaki cel i\u2026 witajcie ponownie Tatry. 2 dni \u201ei&hellip;<\/p>\n","protected":false},"author":2,"featured_media":0,"comment_status":"open","ping_status":"open","sticky":false,"template":"","format":"standard","meta":{"footnotes":""},"categories":[1,16],"tags":[24,25,23,3],"class_list":["post-1119","post","type-post","status-publish","format-standard","hentry","category-bez-kategorii","category-tu-i-teraz","tag-gran-fajek","tag-granie-tatr","tag-srodkowe-zebro","tag-tatry"],"_links":{"self":[{"href":"https:\/\/siewspina.pl\/index.php?rest_route=\/wp\/v2\/posts\/1119","targetHints":{"allow":["GET"]}}],"collection":[{"href":"https:\/\/siewspina.pl\/index.php?rest_route=\/wp\/v2\/posts"}],"about":[{"href":"https:\/\/siewspina.pl\/index.php?rest_route=\/wp\/v2\/types\/post"}],"author":[{"embeddable":true,"href":"https:\/\/siewspina.pl\/index.php?rest_route=\/wp\/v2\/users\/2"}],"replies":[{"embeddable":true,"href":"https:\/\/siewspina.pl\/index.php?rest_route=%2Fwp%2Fv2%2Fcomments&post=1119"}],"version-history":[{"count":11,"href":"https:\/\/siewspina.pl\/index.php?rest_route=\/wp\/v2\/posts\/1119\/revisions"}],"predecessor-version":[{"id":1142,"href":"https:\/\/siewspina.pl\/index.php?rest_route=\/wp\/v2\/posts\/1119\/revisions\/1142"}],"wp:attachment":[{"href":"https:\/\/siewspina.pl\/index.php?rest_route=%2Fwp%2Fv2%2Fmedia&parent=1119"}],"wp:term":[{"taxonomy":"category","embeddable":true,"href":"https:\/\/siewspina.pl\/index.php?rest_route=%2Fwp%2Fv2%2Fcategories&post=1119"},{"taxonomy":"post_tag","embeddable":true,"href":"https:\/\/siewspina.pl\/index.php?rest_route=%2Fwp%2Fv2%2Ftags&post=1119"}],"curies":[{"name":"wp","href":"https:\/\/api.w.org\/{rel}","templated":true}]}}